{"id":12164,"date":"2024-11-07T14:14:27","date_gmt":"2024-11-07T13:14:27","guid":{"rendered":"https:\/\/www.aluron.pl\/?p=12164"},"modified":"2024-11-07T14:15:20","modified_gmt":"2024-11-07T13:15:20","slug":"liga-mistrzow-cev-rusza-juz-13-listopada","status":"publish","type":"post","link":"https:\/\/www.aluron.pl\/liga-mistrzow-cev-rusza-juz-13-listopada\/","title":{"rendered":"Liga Mistrz\u00f3w CEV rusza ju\u017c 13 listopada!"},"content":{"rendered":"    \n    <header class=\"space-y-clamp-12 \">\n        \n        <h2 class=\"h4  \">\n                Aluron CMC Warta Zawiercie po rocznej przerwie wraca do Ligi Mistrz\u00f3w! Jurajscy Rycerze rozpoczn\u0105 walk\u0119 o tytu\u0142 klubowego mistrza Europy 13 listopada od meczu z austriackim Hypo Tirol Innsbruck. \n        <\/h2>\n    <\/header>\n\n\n\n\n<p>Wszystkie spotkania domowe w europejskich pucharach b\u0119dziemy rozgrywa\u0107 w ArcelorMittal Park w Sosnowcu. W fazie grupowej w Arenie Sosnowiec podejmiemy tak\u017ce belgijski Knack Roeselare (18.12) oraz w\u0142oski Allianz Mediolan (29.01).<\/p>\n\n\n\n<p>Bilety na mecz z mistrzem Austrii, kt\u00f3ry rozpocznie si\u0119 o godzinie 18:00, mo\u017cna naby\u0107 za po\u015brednictwem strony bilety.AluronCMC.pl (przez ca\u0142\u0105 dob\u0119), jak i stacjonarnie w sklepie klubowym na I pi\u0119trze hali przy ul. Blanowskiej 40 w Zawierciu (dni powszednie w godzinach 8:30-15:00). Ceny zale\u017c\u0105 od wybranego od sektora:<\/p>\n\n\n\n<ul class=\"wp-block-list\">\n<li>\u00a0\u00a0\u00a0 Sektory B4, B5, C1 &#8211; 35 z\u0142 (normalny) \/ 30 z\u0142 (ulgowy)<\/li>\n\n\n\n<li>\u00a0\u00a0\u00a0 Sektory A4, B1, C4, D1 &#8211; 30 z\u0142 (normalny) \/ 20 z\u0142 (ulgowy)<\/li>\n\n\n\n<li>\u00a0\u00a0\u00a0 Sektory A2, A3, B2, B3, C2, C3, D2, D3 &#8211; 20 z\u0142 (normalny) \/ 10 z\u0142 (ulgowy)<\/li>\n<\/ul>\n\n\n\n<p>Bilet ulgowy przys\u0142uguje uczniom, studentom, emerytom i&nbsp;rencistom. Przy wej\u015bciu na obiekt wymagane b\u0119dzie okazanie dokumentu uprawniaj\u0105cego do ulgi.<\/p>\n\n\n\n<p>Dla naszego klubu to czwarty w historii start w europejskich pucharach. Po debiucie w sezonie 2019\/2020 w Pucharze Challenge (1\/8 fina\u0142u), premierowym udziale w Lidze Mistrz\u00f3w (2022\/2023, wyj\u015bcie z grupy) oraz ubieg\u0142orocznych zmaganiach w Pucharze CEV (\u0107wier\u0107fina\u0142), chcemy wykorzysta\u0107 zebrane do\u015bwiadczenia i zrobi\u0107 kolejny krok, kt\u00f3rym b\u0119dzie awans do najlepszej czw\u00f3rki na kontynencie. Tym bardziej, \u017ce oznacza\u0107 to b\u0119dzie udzia\u0142 w turnieju Final Four, kt\u00f3ry odb\u0119dzie si\u0119 po raz pierwszy od 7 lat i rozstrzygnie losy tytu\u0142u.<\/p>\n","protected":false},"excerpt":"Wszystkie spotkania domowe w europejskich pucharach b\u0119dziemy rozgrywa\u0107 w ArcelorMittal Park w Sosnowcu. W fazie grupowej w Arenie Sosnowiec podejmiemy tak\u017ce belgijski Knack Roeselare (18.12) oraz w\u0142oski Allianz Mediolan (29.01). Bilety na mecz z mistrzem Austrii, kt\u00f3ry rozpocznie si\u0119 o godzinie 18:00, mo\u017cna naby\u0107 za po\u015brednictwem strony bilety.AluronCMC.pl (przez ca\u0142\u0105 dob\u0119), jak i stacjonarnie w [&hellip;]","author":2,"featured_media":12165,"comment_status":"closed","ping_status":"open","sticky":false,"template":"","format":"standard","meta":{"inline_featured_image":false,"footnotes":""},"categories":[17],"tags":[],"class_list":["post-12164","post","type-post","status-publish","format-standard","has-post-thumbnail","hentry","category-wydarzenia"],"yoast_head":"<!-- This site is optimized with the Yoast SEO plugin v27.1.1 - https:\/\/yoast.com\/product\/yoast-seo-wordpress\/ -->\n<title>Liga Mistrz\u00f3w CEV rusza ju\u017c 13 listopada! - Aluron<\/title>\n<meta name=\"robots\" content=\"index, follow, max-snippet:-1, max-image-preview:large, max-video-preview:-1\" \/>\n<link rel=\"canonical\" href=\"https:\/\/www.aluron.pl\/liga-mistrzow-cev-rusza-juz-13-listopada\/\" \/>\n<meta property=\"og:locale\" content=\"pl_PL\" \/>\n<meta property=\"og:type\" content=\"article\" \/>\n<meta property=\"og:title\" content=\"Liga Mistrz\u00f3w CEV rusza ju\u017c 13 listopada! - Aluron\" \/>\n<meta property=\"og:description\" content=\"Wszystkie spotkania domowe w europejskich pucharach b\u0119dziemy rozgrywa\u0107 w ArcelorMittal Park w Sosnowcu. W fazie grupowej w Arenie Sosnowiec podejmiemy tak\u017ce belgijski Knack Roeselare (18.12) oraz w\u0142oski Allianz Mediolan (29.01). Bilety na mecz z mistrzem Austrii, kt\u00f3ry rozpocznie si\u0119 o godzinie 18:00, mo\u017cna naby\u0107 za po\u015brednictwem strony bilety.AluronCMC.pl (przez ca\u0142\u0105 dob\u0119), jak i stacjonarnie w [&hellip;]\" \/>\n<meta property=\"og:url\" content=\"https:\/\/www.aluron.pl\/liga-mistrzow-cev-rusza-juz-13-listopada\/\" \/>\n<meta property=\"og:site_name\" content=\"Aluron\" \/>\n<meta property=\"article:published_time\" content=\"2024-11-07T13:14:27+00:00\" \/>\n<meta property=\"article:modified_time\" content=\"2024-11-07T13:15:20+00:00\" \/>\n<meta property=\"og:image\" content=\"https:\/\/www.aluron.pl\/wp-content\/uploads\/2024\/11\/CEV.png\" \/>\n\t<meta property=\"og:image:width\" content=\"1109\" \/>\n\t<meta property=\"og:image:height\" content=\"646\" \/>\n\t<meta property=\"og:image:type\" content=\"image\/png\" \/>\n<meta name=\"author\" content=\"mrespondek\" \/>\n<meta name=\"twitter:card\" content=\"summary_large_image\" \/>\n<meta name=\"twitter:label1\" content=\"Napisane przez\" \/>\n\t<meta name=\"twitter:data1\" content=\"mrespondek\" \/>\n\t<meta name=\"twitter:label2\" content=\"Szacowany czas czytania\" \/>\n\t<meta name=\"twitter:data2\" content=\"2 minuty\" \/>\n<script type=\"application\/ld+json\" class=\"yoast-schema-graph\">{\"@context\":\"https:\/\/schema.org\",\"@graph\":[{\"@type\":\"Article\",\"@id\":\"https:\/\/www.aluron.pl\/liga-mistrzow-cev-rusza-juz-13-listopada\/#article\",\"isPartOf\":{\"@id\":\"https:\/\/www.aluron.pl\/liga-mistrzow-cev-rusza-juz-13-listopada\/\"},\"author\":{\"name\":\"mrespondek\",\"@id\":\"https:\/\/www.aluron.pl\/#\/schema\/person\/b0606588b28bd95ae40cc8c0897ccbb7\"},\"headline\":\"Liga Mistrz\u00f3w CEV rusza ju\u017c 13 listopada!\",\"datePublished\":\"2024-11-07T13:14:27+00:00\",\"dateModified\":\"2024-11-07T13:15:20+00:00\",\"mainEntityOfPage\":{\"@id\":\"https:\/\/www.aluron.pl\/liga-mistrzow-cev-rusza-juz-13-listopada\/\"},\"wordCount\":233,\"publisher\":{\"@id\":\"https:\/\/www.aluron.pl\/#organization\"},\"image\":{\"@id\":\"https:\/\/www.aluron.pl\/liga-mistrzow-cev-rusza-juz-13-listopada\/#primaryimage\"},\"thumbnailUrl\":\"https:\/\/www.aluron.pl\/wp-content\/uploads\/2024\/11\/CEV.png\",\"articleSection\":[\"Wydarzenia\"],\"inLanguage\":\"pl-PL\"},{\"@type\":\"WebPage\",\"@id\":\"https:\/\/www.aluron.pl\/liga-mistrzow-cev-rusza-juz-13-listopada\/\",\"url\":\"https:\/\/www.aluron.pl\/liga-mistrzow-cev-rusza-juz-13-listopada\/\",\"name\":\"Liga Mistrz\u00f3w CEV rusza ju\u017c 13 listopada! - Aluron\",\"isPartOf\":{\"@id\":\"https:\/\/www.aluron.pl\/#website\"},\"primaryImageOfPage\":{\"@id\":\"https:\/\/www.aluron.pl\/liga-mistrzow-cev-rusza-juz-13-listopada\/#primaryimage\"},\"image\":{\"@id\":\"https:\/\/www.aluron.pl\/liga-mistrzow-cev-rusza-juz-13-listopada\/#primaryimage\"},\"thumbnailUrl\":\"https:\/\/www.aluron.pl\/wp-content\/uploads\/2024\/11\/CEV.png\",\"datePublished\":\"2024-11-07T13:14:27+00:00\",\"dateModified\":\"2024-11-07T13:15:20+00:00\",\"breadcrumb\":{\"@id\":\"https:\/\/www.aluron.pl\/liga-mistrzow-cev-rusza-juz-13-listopada\/#breadcrumb\"},\"inLanguage\":\"pl-PL\",\"potentialAction\":[{\"@type\":\"ReadAction\",\"target\":[\"https:\/\/www.aluron.pl\/liga-mistrzow-cev-rusza-juz-13-listopada\/\"]}]},{\"@type\":\"ImageObject\",\"inLanguage\":\"pl-PL\",\"@id\":\"https:\/\/www.aluron.pl\/liga-mistrzow-cev-rusza-juz-13-listopada\/#primaryimage\",\"url\":\"https:\/\/www.aluron.pl\/wp-content\/uploads\/2024\/11\/CEV.png\",\"contentUrl\":\"https:\/\/www.aluron.pl\/wp-content\/uploads\/2024\/11\/CEV.png\",\"width\":1109,\"height\":646},{\"@type\":\"BreadcrumbList\",\"@id\":\"https:\/\/www.aluron.pl\/liga-mistrzow-cev-rusza-juz-13-listopada\/#breadcrumb\",\"itemListElement\":[{\"@type\":\"ListItem\",\"position\":1,\"name\":\"Aluron\",\"item\":\"https:\/\/www.aluron.pl\/\"},{\"@type\":\"ListItem\",\"position\":2,\"name\":\"Liga Mistrz\u00f3w CEV rusza ju\u017c 13 listopada!\"}]},{\"@type\":\"WebSite\",\"@id\":\"https:\/\/www.aluron.pl\/#website\",\"url\":\"https:\/\/www.aluron.pl\/\",\"name\":\"Aluron\",\"description\":\"\",\"publisher\":{\"@id\":\"https:\/\/www.aluron.pl\/#organization\"},\"potentialAction\":[{\"@type\":\"SearchAction\",\"target\":{\"@type\":\"EntryPoint\",\"urlTemplate\":\"https:\/\/www.aluron.pl\/?s={search_term_string}\"},\"query-input\":{\"@type\":\"PropertyValueSpecification\",\"valueRequired\":true,\"valueName\":\"search_term_string\"}}],\"inLanguage\":\"pl-PL\"},{\"@type\":\"Organization\",\"@id\":\"https:\/\/www.aluron.pl\/#organization\",\"name\":\"Aluron - Producent System\u00f3w Aluminiowych\",\"url\":\"https:\/\/www.aluron.pl\/\",\"logo\":{\"@type\":\"ImageObject\",\"inLanguage\":\"pl-PL\",\"@id\":\"https:\/\/www.aluron.pl\/#\/schema\/logo\/image\/\",\"url\":\"https:\/\/www.aluron.pl\/wp-content\/uploads\/2024\/03\/Logo-aluron.svg\",\"contentUrl\":\"https:\/\/www.aluron.pl\/wp-content\/uploads\/2024\/03\/Logo-aluron.svg\",\"width\":146,\"height\":40,\"caption\":\"Aluron - Producent System\u00f3w Aluminiowych\"},\"image\":{\"@id\":\"https:\/\/www.aluron.pl\/#\/schema\/logo\/image\/\"}},{\"@type\":\"Person\",\"@id\":\"https:\/\/www.aluron.pl\/#\/schema\/person\/b0606588b28bd95ae40cc8c0897ccbb7\",\"name\":\"mrespondek\"}]}<\/script>\n<!-- \/ Yoast SEO plugin. -->","yoast_head_json":{"title":"Liga Mistrz\u00f3w CEV rusza ju\u017c 13 listopada! - Aluron","robots":{"index":"index","follow":"follow","max-snippet":"max-snippet:-1","max-image-preview":"max-image-preview:large","max-video-preview":"max-video-preview:-1"},"canonical":"https:\/\/www.aluron.pl\/liga-mistrzow-cev-rusza-juz-13-listopada\/","og_locale":"pl_PL","og_type":"article","og_title":"Liga Mistrz\u00f3w CEV rusza ju\u017c 13 listopada! - Aluron","og_description":"Wszystkie spotkania domowe w europejskich pucharach b\u0119dziemy rozgrywa\u0107 w ArcelorMittal Park w Sosnowcu. W fazie grupowej w Arenie Sosnowiec podejmiemy tak\u017ce belgijski Knack Roeselare (18.12) oraz w\u0142oski Allianz Mediolan (29.01). Bilety na mecz z mistrzem Austrii, kt\u00f3ry rozpocznie si\u0119 o godzinie 18:00, mo\u017cna naby\u0107 za po\u015brednictwem strony bilety.AluronCMC.pl (przez ca\u0142\u0105 dob\u0119), jak i stacjonarnie w [&hellip;]","og_url":"https:\/\/www.aluron.pl\/liga-mistrzow-cev-rusza-juz-13-listopada\/","og_site_name":"Aluron","article_published_time":"2024-11-07T13:14:27+00:00","article_modified_time":"2024-11-07T13:15:20+00:00","og_image":[{"width":1109,"height":646,"url":"https:\/\/www.aluron.pl\/wp-content\/uploads\/2024\/11\/CEV.png","type":"image\/png"}],"author":"mrespondek","twitter_card":"summary_large_image","twitter_misc":{"Napisane przez":"mrespondek","Szacowany czas czytania":"2 minuty"},"schema":{"@context":"https:\/\/schema.org","@graph":[{"@type":"Article","@id":"https:\/\/www.aluron.pl\/liga-mistrzow-cev-rusza-juz-13-listopada\/#article","isPartOf":{"@id":"https:\/\/www.aluron.pl\/liga-mistrzow-cev-rusza-juz-13-listopada\/"},"author":{"name":"mrespondek","@id":"https:\/\/www.aluron.pl\/#\/schema\/person\/b0606588b28bd95ae40cc8c0897ccbb7"},"headline":"Liga Mistrz\u00f3w CEV rusza ju\u017c 13 listopada!","datePublished":"2024-11-07T13:14:27+00:00","dateModified":"2024-11-07T13:15:20+00:00","mainEntityOfPage":{"@id":"https:\/\/www.aluron.pl\/liga-mistrzow-cev-rusza-juz-13-listopada\/"},"wordCount":233,"publisher":{"@id":"https:\/\/www.aluron.pl\/#organization"},"image":{"@id":"https:\/\/www.aluron.pl\/liga-mistrzow-cev-rusza-juz-13-listopada\/#primaryimage"},"thumbnailUrl":"https:\/\/www.aluron.pl\/wp-content\/uploads\/2024\/11\/CEV.png","articleSection":["Wydarzenia"],"inLanguage":"pl-PL"},{"@type":"WebPage","@id":"https:\/\/www.aluron.pl\/liga-mistrzow-cev-rusza-juz-13-listopada\/","url":"https:\/\/www.aluron.pl\/liga-mistrzow-cev-rusza-juz-13-listopada\/","name":"Liga Mistrz\u00f3w CEV rusza ju\u017c 13 listopada! - Aluron","isPartOf":{"@id":"https:\/\/www.aluron.pl\/#website"},"primaryImageOfPage":{"@id":"https:\/\/www.aluron.pl\/liga-mistrzow-cev-rusza-juz-13-listopada\/#primaryimage"},"image":{"@id":"https:\/\/www.aluron.pl\/liga-mistrzow-cev-rusza-juz-13-listopada\/#primaryimage"},"thumbnailUrl":"https:\/\/www.aluron.pl\/wp-content\/uploads\/2024\/11\/CEV.png","datePublished":"2024-11-07T13:14:27+00:00","dateModified":"2024-11-07T13:15:20+00:00","breadcrumb":{"@id":"https:\/\/www.aluron.pl\/liga-mistrzow-cev-rusza-juz-13-listopada\/#breadcrumb"},"inLanguage":"pl-PL","potentialAction":[{"@type":"ReadAction","target":["https:\/\/www.aluron.pl\/liga-mistrzow-cev-rusza-juz-13-listopada\/"]}]},{"@type":"ImageObject","inLanguage":"pl-PL","@id":"https:\/\/www.aluron.pl\/liga-mistrzow-cev-rusza-juz-13-listopada\/#primaryimage","url":"https:\/\/www.aluron.pl\/wp-content\/uploads\/2024\/11\/CEV.png","contentUrl":"https:\/\/www.aluron.pl\/wp-content\/uploads\/2024\/11\/CEV.png","width":1109,"height":646},{"@type":"BreadcrumbList","@id":"https:\/\/www.aluron.pl\/liga-mistrzow-cev-rusza-juz-13-listopada\/#breadcrumb","itemListElement":[{"@type":"ListItem","position":1,"name":"Aluron","item":"https:\/\/www.aluron.pl\/"},{"@type":"ListItem","position":2,"name":"Liga Mistrz\u00f3w CEV rusza ju\u017c 13 listopada!"}]},{"@type":"WebSite","@id":"https:\/\/www.aluron.pl\/#website","url":"https:\/\/www.aluron.pl\/","name":"Aluron","description":"","publisher":{"@id":"https:\/\/www.aluron.pl\/#organization"},"potentialAction":[{"@type":"SearchAction","target":{"@type":"EntryPoint","urlTemplate":"https:\/\/www.aluron.pl\/?s={search_term_string}"},"query-input":{"@type":"PropertyValueSpecification","valueRequired":true,"valueName":"search_term_string"}}],"inLanguage":"pl-PL"},{"@type":"Organization","@id":"https:\/\/www.aluron.pl\/#organization","name":"Aluron - Producent System\u00f3w Aluminiowych","url":"https:\/\/www.aluron.pl\/","logo":{"@type":"ImageObject","inLanguage":"pl-PL","@id":"https:\/\/www.aluron.pl\/#\/schema\/logo\/image\/","url":"https:\/\/www.aluron.pl\/wp-content\/uploads\/2024\/03\/Logo-aluron.svg","contentUrl":"https:\/\/www.aluron.pl\/wp-content\/uploads\/2024\/03\/Logo-aluron.svg","width":146,"height":40,"caption":"Aluron - Producent System\u00f3w Aluminiowych"},"image":{"@id":"https:\/\/www.aluron.pl\/#\/schema\/logo\/image\/"}},{"@type":"Person","@id":"https:\/\/www.aluron.pl\/#\/schema\/person\/b0606588b28bd95ae40cc8c0897ccbb7","name":"mrespondek"}]}},"acf":[],"gutenberg_blocks":[{"blockName":"custom-styles","attrs":{"styles":""}},{"blockName":"acf\/heading","attrs":{"name":"acf\/heading","data":{"heading_text":"Aluron CMC Warta Zawiercie po rocznej przerwie wraca do Ligi Mistrz\u00f3w! Jurajscy Rycerze rozpoczn\u0105 walk\u0119 o tytu\u0142 klubowego mistrza Europy 13 listopada od meczu z austriackim Hypo Tirol Innsbruck. ","_heading_text":"field_638627ccced84","label":"","_label":"field_6603f866b01a2","heading_level":"h2","_heading_level":"field_638627e7ced85","heading_variant":"h4","_heading_variant":"field_63862847ced86","extra_classes":"","_extra_classes":"field_638628eeced88"},"mode":"edit"},"innerBlocks":[],"innerHTML":"","innerContent":[]},{"blockName":"core\/paragraph","attrs":[],"innerBlocks":[],"innerHTML":"\n<p>Wszystkie spotkania domowe w europejskich pucharach b\u0119dziemy rozgrywa\u0107 w ArcelorMittal Park w Sosnowcu. W fazie grupowej w Arenie Sosnowiec podejmiemy tak\u017ce belgijski Knack Roeselare (18.12) oraz w\u0142oski Allianz Mediolan (29.01).<\/p>\n","innerContent":["\n<p>Wszystkie spotkania domowe w europejskich pucharach b\u0119dziemy rozgrywa\u0107 w ArcelorMittal Park w Sosnowcu. W fazie grupowej w Arenie Sosnowiec podejmiemy tak\u017ce belgijski Knack Roeselare (18.12) oraz w\u0142oski Allianz Mediolan (29.01).<\/p>\n"]},{"blockName":"core\/paragraph","attrs":[],"innerBlocks":[],"innerHTML":"\n<p>Bilety na mecz z mistrzem Austrii, kt\u00f3ry rozpocznie si\u0119 o godzinie 18:00, mo\u017cna naby\u0107 za po\u015brednictwem strony bilety.AluronCMC.pl (przez ca\u0142\u0105 dob\u0119), jak i stacjonarnie w sklepie klubowym na I pi\u0119trze hali przy ul. Blanowskiej 40 w Zawierciu (dni powszednie w godzinach 8:30-15:00). Ceny zale\u017c\u0105 od wybranego od sektora:<\/p>\n","innerContent":["\n<p>Bilety na mecz z mistrzem Austrii, kt\u00f3ry rozpocznie si\u0119 o godzinie 18:00, mo\u017cna naby\u0107 za po\u015brednictwem strony bilety.AluronCMC.pl (przez ca\u0142\u0105 dob\u0119), jak i stacjonarnie w sklepie klubowym na I pi\u0119trze hali przy ul. Blanowskiej 40 w Zawierciu (dni powszednie w godzinach 8:30-15:00). Ceny zale\u017c\u0105 od wybranego od sektora:<\/p>\n"]},{"blockName":"core\/list","attrs":[],"innerBlocks":[{"blockName":"core\/list-item","attrs":[],"innerBlocks":[],"innerHTML":"\n<li>\u00a0\u00a0\u00a0 Sektory B4, B5, C1 - 35 z\u0142 (normalny) \/ 30 z\u0142 (ulgowy)<\/li>\n","innerContent":["\n<li>\u00a0\u00a0\u00a0 Sektory B4, B5, C1 - 35 z\u0142 (normalny) \/ 30 z\u0142 (ulgowy)<\/li>\n"]},{"blockName":"core\/list-item","attrs":[],"innerBlocks":[],"innerHTML":"\n<li>\u00a0\u00a0\u00a0 Sektory A4, B1, C4, D1 - 30 z\u0142 (normalny) \/ 20 z\u0142 (ulgowy)<\/li>\n","innerContent":["\n<li>\u00a0\u00a0\u00a0 Sektory A4, B1, C4, D1 - 30 z\u0142 (normalny) \/ 20 z\u0142 (ulgowy)<\/li>\n"]},{"blockName":"core\/list-item","attrs":[],"innerBlocks":[],"innerHTML":"\n<li>\u00a0\u00a0\u00a0 Sektory A2, A3, B2, B3, C2, C3, D2, D3 - 20 z\u0142 (normalny) \/ 10 z\u0142 (ulgowy)<\/li>\n","innerContent":["\n<li>\u00a0\u00a0\u00a0 Sektory A2, A3, B2, B3, C2, C3, D2, D3 - 20 z\u0142 (normalny) \/ 10 z\u0142 (ulgowy)<\/li>\n"]}],"innerHTML":"\n<ul>\n\n\n\n<\/ul>\n","innerContent":["\n<ul>",null,"\n\n",null,"\n\n",null,"<\/ul>\n"]},{"blockName":"core\/paragraph","attrs":[],"innerBlocks":[],"innerHTML":"\n<p>Bilet ulgowy przys\u0142uguje uczniom, studentom, emerytom i&nbsp;rencistom. Przy wej\u015bciu na obiekt wymagane b\u0119dzie okazanie dokumentu uprawniaj\u0105cego do ulgi.<\/p>\n","innerContent":["\n<p>Bilet ulgowy przys\u0142uguje uczniom, studentom, emerytom i&nbsp;rencistom. Przy wej\u015bciu na obiekt wymagane b\u0119dzie okazanie dokumentu uprawniaj\u0105cego do ulgi.<\/p>\n"]},{"blockName":"core\/paragraph","attrs":[],"innerBlocks":[],"innerHTML":"\n<p>Dla naszego klubu to czwarty w historii start w europejskich pucharach. Po debiucie w sezonie 2019\/2020 w Pucharze Challenge (1\/8 fina\u0142u), premierowym udziale w Lidze Mistrz\u00f3w (2022\/2023, wyj\u015bcie z grupy) oraz ubieg\u0142orocznych zmaganiach w Pucharze CEV (\u0107wier\u0107fina\u0142), chcemy wykorzysta\u0107 zebrane do\u015bwiadczenia i zrobi\u0107 kolejny krok, kt\u00f3rym b\u0119dzie awans do najlepszej czw\u00f3rki na kontynencie. Tym bardziej, \u017ce oznacza\u0107 to b\u0119dzie udzia\u0142 w turnieju Final Four, kt\u00f3ry odb\u0119dzie si\u0119 po raz pierwszy od 7 lat i rozstrzygnie losy tytu\u0142u.<\/p>\n","innerContent":["\n<p>Dla naszego klubu to czwarty w historii start w europejskich pucharach. Po debiucie w sezonie 2019\/2020 w Pucharze Challenge (1\/8 fina\u0142u), premierowym udziale w Lidze Mistrz\u00f3w (2022\/2023, wyj\u015bcie z grupy) oraz ubieg\u0142orocznych zmaganiach w Pucharze CEV (\u0107wier\u0107fina\u0142), chcemy wykorzysta\u0107 zebrane do\u015bwiadczenia i zrobi\u0107 kolejny krok, kt\u00f3rym b\u0119dzie awans do najlepszej czw\u00f3rki na kontynencie. Tym bardziej, \u017ce oznacza\u0107 to b\u0119dzie udzia\u0142 w turnieju Final Four, kt\u00f3ry odb\u0119dzie si\u0119 po raz pierwszy od 7 lat i rozstrzygnie losy tytu\u0142u.<\/p>\n"]}],"meta_data":false,"featured_image":{"url":"https:\/\/www.aluron.pl\/wp-content\/uploads\/2024\/11\/CEV-1024x596.png"},"main_category":{"name":"Wydarzenia"},"prev_page":{"slug":"lamele-elewacyjne-typu-z"},"next_page":{"slug":"ofs2024"},"_links":{"self":[{"href":"https:\/\/www.aluron.pl\/index.php\/wp-json\/wp\/v2\/posts\/12164","targetHints":{"allow":["GET"]}}],"collection":[{"href":"https:\/\/www.aluron.pl\/index.php\/wp-json\/wp\/v2\/posts"}],"about":[{"href":"https:\/\/www.aluron.pl\/index.php\/wp-json\/wp\/v2\/types\/post"}],"author":[{"embeddable":true,"href":"https:\/\/www.aluron.pl\/index.php\/wp-json\/wp\/v2\/users\/2"}],"replies":[{"embeddable":true,"href":"https:\/\/www.aluron.pl\/index.php\/wp-json\/wp\/v2\/comments?post=12164"}],"version-history":[{"count":8,"href":"https:\/\/www.aluron.pl\/index.php\/wp-json\/wp\/v2\/posts\/12164\/revisions"}],"predecessor-version":[{"id":12173,"href":"https:\/\/www.aluron.pl\/index.php\/wp-json\/wp\/v2\/posts\/12164\/revisions\/12173"}],"wp:featuredmedia":[{"embeddable":true,"href":"https:\/\/www.aluron.pl\/index.php\/wp-json\/wp\/v2\/media\/12165"}],"wp:attachment":[{"href":"https:\/\/www.aluron.pl\/index.php\/wp-json\/wp\/v2\/media?parent=12164"}],"wp:term":[{"taxonomy":"category","embeddable":true,"href":"https:\/\/www.aluron.pl\/index.php\/wp-json\/wp\/v2\/categories?post=12164"},{"taxonomy":"post_tag","embeddable":true,"href":"https:\/\/www.aluron.pl\/index.php\/wp-json\/wp\/v2\/tags?post=12164"}],"curies":[{"name":"wp","href":"https:\/\/api.w.org\/{rel}","templated":true}]}}