{"id":2794,"date":"2015-10-09T00:00:00","date_gmt":"2015-10-08T22:00:00","guid":{"rendered":"http:\/\/localhost\/aluron-otrzymal-certyfikat-lider-kapitalu-ludzkiego-2015\/"},"modified":"2024-07-31T09:52:01","modified_gmt":"2024-07-31T07:52:01","slug":"aluron-otrzymal-certyfikat-lider-kapitalu-ludzkiego-2015","status":"publish","type":"post","link":"https:\/\/www.aluron.pl\/aluron-otrzymal-certyfikat-lider-kapitalu-ludzkiego-2015\/","title":{"rendered":"ALURON otrzyma\u0142 Certyfikat Lider Kapita\u0142u Ludzkiego 2015"},"content":{"rendered":"<p>Jest to wyr\u00f3\u017cnienie przyznawane za udzia\u0142 w badaniach naukowych nad uwarunkowaniami transferu kapita\u0142u ludzkiego z du\u017cych firm do mikro, ma\u0142ych i \u015brednich przedsi\u0119biorstw, realizowanych na Wydziale Organizacji i Zarz\u0105dzania Politechniki \u0141\u00f3dzkiej.<strong><br \/>\n<\/strong><!--more--><br \/>\nLider Kapita\u0142u Ludzkiego to nowa inicjatywa badawcza realizowana na Wydziale Organizacji i Zarz\u0105dzania Politechniki \u0141\u00f3dzkiej, kt\u00f3rej celem jest promocja i kszta\u0142towanie pozytywnego wizerunku przedsi\u0119biorstw anga\u017cuj\u0105cych si\u0119 w badania naukowe nad rozwojem kapita\u0142u ludzkiego. W badaniach wzi\u0119\u0142o udzia\u0142 ponad 300 przedsi\u0119biorstw z ca\u0142ej Polski, w w\u015br\u00f3d nich Sp\u00f3\u0142ka ALURON.<\/p>\n<p>ALURON jest przedsi\u0119biorstwem, kt\u00f3re zgodnie z d\u0142ugoterminow\u0105 strategi\u0105 rozwoju intensywnie rozwija produkcj\u0119, wprowadza nowe wzory u\u017cytkowe, zwi\u0119ksza sprzeda\u017c pozyskuj\u0105c nowych Partner\u00f3w a tym samym z roku na rok zwi\u0119ksza liczb\u0119 zatrudnionych pracownik\u00f3w.<br \/>\nSp\u00f3\u0142ka obecnie zatrudnia oko\u0142o 250 os\u00f3b, pracuj\u0105cych w bardzo dobrych warunkach i zgodnie z przepisami obowi\u0105zuj\u0105cymi w Kodeksie Pracy. W ci\u0105gu ostatniego roku 2014 w Sp\u00f3\u0142ce zosta\u0142o zatrudnionych ok. 50 nowych pracownik\u00f3w. Wraz z dalszym rozwojem produkcji i sprzeda\u017cy b\u0119d\u0105 pojawia\u0107 si\u0119 kolejne miejsca pracy. ALURON dba, o jako\u015b\u0107 zatrudnienia, warunki pracy oraz rozw\u00f3j Pracownik\u00f3w.<\/p>\n\n                        \n    <figure class=\"overflow-hidden \">\n\n        \n                                                \n            <img decoding=\"async\" src=\"https:\/\/www.aluron.pl\/wp-content\/uploads\/2015\/10\/Lider_Kapitalu_Ludzkiego.webp\" srcset=\"https:\/\/www.aluron.pl\/wp-content\/uploads\/2015\/10\/Lider_Kapitalu_Ludzkiego.jpg 608w, https:\/\/www.aluron.pl\/wp-content\/uploads\/2015\/10\/Lider_Kapitalu_Ludzkiego-507x400.jpg 507w, https:\/\/www.aluron.pl\/wp-content\/uploads\/2015\/10\/Lider_Kapitalu_Ludzkiego-15x12.jpg 15w, https:\/\/www.aluron.pl\/wp-content\/uploads\/2015\/10\/Lider_Kapitalu_Ludzkiego-500x395.jpg 500w, https:\/\/www.aluron.pl\/wp-content\/uploads\/2015\/10\/Lider_Kapitalu_Ludzkiego-300x237.jpg 300w\" sizes=\"(max-width: 608px) 100vw, 608px\"\n                 alt=\"Lider_Kapitalu_Ludzkiego\" class=\"h-full w-full object-cover max-h-[inherit]\" width=\"608\"\n                 height=\"480\"  loading=\"lazy\" \/>\n\n        \n        \n    <\/figure>\n\n            ","protected":false},"excerpt":"Jest to wyr\u00f3\u017cnienie przyznawane za udzia\u0142 w badaniach naukowych nad uwarunkowaniami transferu kapita\u0142u ludzkiego z du\u017cych firm do mikro, ma\u0142ych i \u015brednich przedsi\u0119biorstw, realizowanych na Wydziale Organizacji i Zarz\u0105dzania Politechniki \u0141\u00f3dzkiej.","author":1,"featured_media":7438,"comment_status":"closed","ping_status":"open","sticky":false,"template":"","format":"standard","meta":{"inline_featured_image":false,"footnotes":""},"categories":[17],"tags":[],"class_list":["post-2794","post","type-post","status-publish","format-standard","has-post-thumbnail","hentry","category-wydarzenia"],"yoast_head":"<!-- This site is optimized with the Yoast SEO plugin v27.1.1 - https:\/\/yoast.com\/product\/yoast-seo-wordpress\/ -->\n<title>ALURON otrzyma\u0142 Certyfikat Lider Kapita\u0142u Ludzkiego 2015 - Aluron<\/title>\n<meta name=\"robots\" content=\"index, follow, max-snippet:-1, max-image-preview:large, max-video-preview:-1\" \/>\n<link rel=\"canonical\" href=\"https:\/\/www.aluron.pl\/aluron-otrzymal-certyfikat-lider-kapitalu-ludzkiego-2015\/\" \/>\n<meta property=\"og:locale\" content=\"pl_PL\" \/>\n<meta property=\"og:type\" content=\"article\" \/>\n<meta property=\"og:title\" content=\"ALURON otrzyma\u0142 Certyfikat Lider Kapita\u0142u Ludzkiego 2015 - Aluron\" \/>\n<meta property=\"og:description\" content=\"Jest to wyr\u00f3\u017cnienie przyznawane za udzia\u0142 w badaniach naukowych nad uwarunkowaniami transferu kapita\u0142u ludzkiego z du\u017cych firm do mikro, ma\u0142ych i \u015brednich przedsi\u0119biorstw, realizowanych na Wydziale Organizacji i Zarz\u0105dzania Politechniki \u0141\u00f3dzkiej.\" \/>\n<meta property=\"og:url\" content=\"https:\/\/www.aluron.pl\/aluron-otrzymal-certyfikat-lider-kapitalu-ludzkiego-2015\/\" \/>\n<meta property=\"og:site_name\" content=\"Aluron\" \/>\n<meta property=\"article:published_time\" content=\"2015-10-08T22:00:00+00:00\" \/>\n<meta property=\"article:modified_time\" content=\"2024-07-31T07:52:01+00:00\" \/>\n<meta property=\"og:image\" content=\"https:\/\/www.aluron.pl\/wp-content\/uploads\/2015\/10\/Lider_Kapitalu_Ludzkiego.jpg\" \/>\n\t<meta property=\"og:image:width\" content=\"608\" \/>\n\t<meta property=\"og:image:height\" content=\"480\" \/>\n\t<meta property=\"og:image:type\" content=\"image\/jpeg\" \/>\n<meta name=\"author\" content=\"empressia\" \/>\n<meta name=\"twitter:card\" content=\"summary_large_image\" \/>\n<meta name=\"twitter:label1\" content=\"Napisane przez\" \/>\n\t<meta name=\"twitter:data1\" content=\"empressia\" \/>\n\t<meta name=\"twitter:label2\" content=\"Szacowany czas czytania\" \/>\n\t<meta name=\"twitter:data2\" content=\"2 minuty\" \/>\n<script type=\"application\/ld+json\" class=\"yoast-schema-graph\">{\"@context\":\"https:\/\/schema.org\",\"@graph\":[{\"@type\":\"Article\",\"@id\":\"https:\/\/www.aluron.pl\/aluron-otrzymal-certyfikat-lider-kapitalu-ludzkiego-2015\/#article\",\"isPartOf\":{\"@id\":\"https:\/\/www.aluron.pl\/aluron-otrzymal-certyfikat-lider-kapitalu-ludzkiego-2015\/\"},\"author\":{\"name\":\"empressia\",\"@id\":\"https:\/\/www.aluron.pl\/#\/schema\/person\/129ea6c75169a5d685f95d07c274b2ef\"},\"headline\":\"ALURON otrzyma\u0142 Certyfikat Lider Kapita\u0142u Ludzkiego 2015\",\"datePublished\":\"2015-10-08T22:00:00+00:00\",\"dateModified\":\"2024-07-31T07:52:01+00:00\",\"mainEntityOfPage\":{\"@id\":\"https:\/\/www.aluron.pl\/aluron-otrzymal-certyfikat-lider-kapitalu-ludzkiego-2015\/\"},\"wordCount\":212,\"publisher\":{\"@id\":\"https:\/\/www.aluron.pl\/#organization\"},\"image\":{\"@id\":\"https:\/\/www.aluron.pl\/aluron-otrzymal-certyfikat-lider-kapitalu-ludzkiego-2015\/#primaryimage\"},\"thumbnailUrl\":\"https:\/\/www.aluron.pl\/wp-content\/uploads\/2015\/10\/Lider_Kapitalu_Ludzkiego.jpg\",\"articleSection\":[\"Wydarzenia\"],\"inLanguage\":\"pl-PL\"},{\"@type\":\"WebPage\",\"@id\":\"https:\/\/www.aluron.pl\/aluron-otrzymal-certyfikat-lider-kapitalu-ludzkiego-2015\/\",\"url\":\"https:\/\/www.aluron.pl\/aluron-otrzymal-certyfikat-lider-kapitalu-ludzkiego-2015\/\",\"name\":\"ALURON otrzyma\u0142 Certyfikat Lider Kapita\u0142u Ludzkiego 2015 - Aluron\",\"isPartOf\":{\"@id\":\"https:\/\/www.aluron.pl\/#website\"},\"primaryImageOfPage\":{\"@id\":\"https:\/\/www.aluron.pl\/aluron-otrzymal-certyfikat-lider-kapitalu-ludzkiego-2015\/#primaryimage\"},\"image\":{\"@id\":\"https:\/\/www.aluron.pl\/aluron-otrzymal-certyfikat-lider-kapitalu-ludzkiego-2015\/#primaryimage\"},\"thumbnailUrl\":\"https:\/\/www.aluron.pl\/wp-content\/uploads\/2015\/10\/Lider_Kapitalu_Ludzkiego.jpg\",\"datePublished\":\"2015-10-08T22:00:00+00:00\",\"dateModified\":\"2024-07-31T07:52:01+00:00\",\"breadcrumb\":{\"@id\":\"https:\/\/www.aluron.pl\/aluron-otrzymal-certyfikat-lider-kapitalu-ludzkiego-2015\/#breadcrumb\"},\"inLanguage\":\"pl-PL\",\"potentialAction\":[{\"@type\":\"ReadAction\",\"target\":[\"https:\/\/www.aluron.pl\/aluron-otrzymal-certyfikat-lider-kapitalu-ludzkiego-2015\/\"]}]},{\"@type\":\"ImageObject\",\"inLanguage\":\"pl-PL\",\"@id\":\"https:\/\/www.aluron.pl\/aluron-otrzymal-certyfikat-lider-kapitalu-ludzkiego-2015\/#primaryimage\",\"url\":\"https:\/\/www.aluron.pl\/wp-content\/uploads\/2015\/10\/Lider_Kapitalu_Ludzkiego.jpg\",\"contentUrl\":\"https:\/\/www.aluron.pl\/wp-content\/uploads\/2015\/10\/Lider_Kapitalu_Ludzkiego.jpg\",\"width\":608,\"height\":480},{\"@type\":\"BreadcrumbList\",\"@id\":\"https:\/\/www.aluron.pl\/aluron-otrzymal-certyfikat-lider-kapitalu-ludzkiego-2015\/#breadcrumb\",\"itemListElement\":[{\"@type\":\"ListItem\",\"position\":1,\"name\":\"Aluron\",\"item\":\"https:\/\/www.aluron.pl\/\"},{\"@type\":\"ListItem\",\"position\":2,\"name\":\"ALURON otrzyma\u0142 Certyfikat Lider Kapita\u0142u Ludzkiego 2015\"}]},{\"@type\":\"WebSite\",\"@id\":\"https:\/\/www.aluron.pl\/#website\",\"url\":\"https:\/\/www.aluron.pl\/\",\"name\":\"Aluron\",\"description\":\"\",\"publisher\":{\"@id\":\"https:\/\/www.aluron.pl\/#organization\"},\"potentialAction\":[{\"@type\":\"SearchAction\",\"target\":{\"@type\":\"EntryPoint\",\"urlTemplate\":\"https:\/\/www.aluron.pl\/?s={search_term_string}\"},\"query-input\":{\"@type\":\"PropertyValueSpecification\",\"valueRequired\":true,\"valueName\":\"search_term_string\"}}],\"inLanguage\":\"pl-PL\"},{\"@type\":\"Organization\",\"@id\":\"https:\/\/www.aluron.pl\/#organization\",\"name\":\"Aluron - Producent System\u00f3w Aluminiowych\",\"url\":\"https:\/\/www.aluron.pl\/\",\"logo\":{\"@type\":\"ImageObject\",\"inLanguage\":\"pl-PL\",\"@id\":\"https:\/\/www.aluron.pl\/#\/schema\/logo\/image\/\",\"url\":\"https:\/\/www.aluron.pl\/wp-content\/uploads\/2024\/03\/Logo-aluron.svg\",\"contentUrl\":\"https:\/\/www.aluron.pl\/wp-content\/uploads\/2024\/03\/Logo-aluron.svg\",\"width\":146,\"height\":40,\"caption\":\"Aluron - Producent System\u00f3w Aluminiowych\"},\"image\":{\"@id\":\"https:\/\/www.aluron.pl\/#\/schema\/logo\/image\/\"}},{\"@type\":\"Person\",\"@id\":\"https:\/\/www.aluron.pl\/#\/schema\/person\/129ea6c75169a5d685f95d07c274b2ef\",\"name\":\"empressia\",\"sameAs\":[\"https:\/\/www.aluron.pl\"]}]}<\/script>\n<!-- \/ Yoast SEO plugin. -->","yoast_head_json":{"title":"ALURON otrzyma\u0142 Certyfikat Lider Kapita\u0142u Ludzkiego 2015 - Aluron","robots":{"index":"index","follow":"follow","max-snippet":"max-snippet:-1","max-image-preview":"max-image-preview:large","max-video-preview":"max-video-preview:-1"},"canonical":"https:\/\/www.aluron.pl\/aluron-otrzymal-certyfikat-lider-kapitalu-ludzkiego-2015\/","og_locale":"pl_PL","og_type":"article","og_title":"ALURON otrzyma\u0142 Certyfikat Lider Kapita\u0142u Ludzkiego 2015 - Aluron","og_description":"Jest to wyr\u00f3\u017cnienie przyznawane za udzia\u0142 w badaniach naukowych nad uwarunkowaniami transferu kapita\u0142u ludzkiego z du\u017cych firm do mikro, ma\u0142ych i \u015brednich przedsi\u0119biorstw, realizowanych na Wydziale Organizacji i Zarz\u0105dzania Politechniki \u0141\u00f3dzkiej.","og_url":"https:\/\/www.aluron.pl\/aluron-otrzymal-certyfikat-lider-kapitalu-ludzkiego-2015\/","og_site_name":"Aluron","article_published_time":"2015-10-08T22:00:00+00:00","article_modified_time":"2024-07-31T07:52:01+00:00","og_image":[{"width":608,"height":480,"url":"https:\/\/www.aluron.pl\/wp-content\/uploads\/2015\/10\/Lider_Kapitalu_Ludzkiego.jpg","type":"image\/jpeg"}],"author":"empressia","twitter_card":"summary_large_image","twitter_misc":{"Napisane przez":"empressia","Szacowany czas czytania":"2 minuty"},"schema":{"@context":"https:\/\/schema.org","@graph":[{"@type":"Article","@id":"https:\/\/www.aluron.pl\/aluron-otrzymal-certyfikat-lider-kapitalu-ludzkiego-2015\/#article","isPartOf":{"@id":"https:\/\/www.aluron.pl\/aluron-otrzymal-certyfikat-lider-kapitalu-ludzkiego-2015\/"},"author":{"name":"empressia","@id":"https:\/\/www.aluron.pl\/#\/schema\/person\/129ea6c75169a5d685f95d07c274b2ef"},"headline":"ALURON otrzyma\u0142 Certyfikat Lider Kapita\u0142u Ludzkiego 2015","datePublished":"2015-10-08T22:00:00+00:00","dateModified":"2024-07-31T07:52:01+00:00","mainEntityOfPage":{"@id":"https:\/\/www.aluron.pl\/aluron-otrzymal-certyfikat-lider-kapitalu-ludzkiego-2015\/"},"wordCount":212,"publisher":{"@id":"https:\/\/www.aluron.pl\/#organization"},"image":{"@id":"https:\/\/www.aluron.pl\/aluron-otrzymal-certyfikat-lider-kapitalu-ludzkiego-2015\/#primaryimage"},"thumbnailUrl":"https:\/\/www.aluron.pl\/wp-content\/uploads\/2015\/10\/Lider_Kapitalu_Ludzkiego.jpg","articleSection":["Wydarzenia"],"inLanguage":"pl-PL"},{"@type":"WebPage","@id":"https:\/\/www.aluron.pl\/aluron-otrzymal-certyfikat-lider-kapitalu-ludzkiego-2015\/","url":"https:\/\/www.aluron.pl\/aluron-otrzymal-certyfikat-lider-kapitalu-ludzkiego-2015\/","name":"ALURON otrzyma\u0142 Certyfikat Lider Kapita\u0142u Ludzkiego 2015 - Aluron","isPartOf":{"@id":"https:\/\/www.aluron.pl\/#website"},"primaryImageOfPage":{"@id":"https:\/\/www.aluron.pl\/aluron-otrzymal-certyfikat-lider-kapitalu-ludzkiego-2015\/#primaryimage"},"image":{"@id":"https:\/\/www.aluron.pl\/aluron-otrzymal-certyfikat-lider-kapitalu-ludzkiego-2015\/#primaryimage"},"thumbnailUrl":"https:\/\/www.aluron.pl\/wp-content\/uploads\/2015\/10\/Lider_Kapitalu_Ludzkiego.jpg","datePublished":"2015-10-08T22:00:00+00:00","dateModified":"2024-07-31T07:52:01+00:00","breadcrumb":{"@id":"https:\/\/www.aluron.pl\/aluron-otrzymal-certyfikat-lider-kapitalu-ludzkiego-2015\/#breadcrumb"},"inLanguage":"pl-PL","potentialAction":[{"@type":"ReadAction","target":["https:\/\/www.aluron.pl\/aluron-otrzymal-certyfikat-lider-kapitalu-ludzkiego-2015\/"]}]},{"@type":"ImageObject","inLanguage":"pl-PL","@id":"https:\/\/www.aluron.pl\/aluron-otrzymal-certyfikat-lider-kapitalu-ludzkiego-2015\/#primaryimage","url":"https:\/\/www.aluron.pl\/wp-content\/uploads\/2015\/10\/Lider_Kapitalu_Ludzkiego.jpg","contentUrl":"https:\/\/www.aluron.pl\/wp-content\/uploads\/2015\/10\/Lider_Kapitalu_Ludzkiego.jpg","width":608,"height":480},{"@type":"BreadcrumbList","@id":"https:\/\/www.aluron.pl\/aluron-otrzymal-certyfikat-lider-kapitalu-ludzkiego-2015\/#breadcrumb","itemListElement":[{"@type":"ListItem","position":1,"name":"Aluron","item":"https:\/\/www.aluron.pl\/"},{"@type":"ListItem","position":2,"name":"ALURON otrzyma\u0142 Certyfikat Lider Kapita\u0142u Ludzkiego 2015"}]},{"@type":"WebSite","@id":"https:\/\/www.aluron.pl\/#website","url":"https:\/\/www.aluron.pl\/","name":"Aluron","description":"","publisher":{"@id":"https:\/\/www.aluron.pl\/#organization"},"potentialAction":[{"@type":"SearchAction","target":{"@type":"EntryPoint","urlTemplate":"https:\/\/www.aluron.pl\/?s={search_term_string}"},"query-input":{"@type":"PropertyValueSpecification","valueRequired":true,"valueName":"search_term_string"}}],"inLanguage":"pl-PL"},{"@type":"Organization","@id":"https:\/\/www.aluron.pl\/#organization","name":"Aluron - Producent System\u00f3w Aluminiowych","url":"https:\/\/www.aluron.pl\/","logo":{"@type":"ImageObject","inLanguage":"pl-PL","@id":"https:\/\/www.aluron.pl\/#\/schema\/logo\/image\/","url":"https:\/\/www.aluron.pl\/wp-content\/uploads\/2024\/03\/Logo-aluron.svg","contentUrl":"https:\/\/www.aluron.pl\/wp-content\/uploads\/2024\/03\/Logo-aluron.svg","width":146,"height":40,"caption":"Aluron - Producent System\u00f3w Aluminiowych"},"image":{"@id":"https:\/\/www.aluron.pl\/#\/schema\/logo\/image\/"}},{"@type":"Person","@id":"https:\/\/www.aluron.pl\/#\/schema\/person\/129ea6c75169a5d685f95d07c274b2ef","name":"empressia","sameAs":["https:\/\/www.aluron.pl"]}]}},"acf":[],"gutenberg_blocks":[{"blockName":"custom-styles","attrs":{"styles":""}},{"blockName":"acf\/image","attrs":{"name":"acf\/image","data":{"image":7438,"_image":"field_642686ed613f8","caption":"","_caption":"field_664c71ba832a4"},"mode":"edit"},"innerBlocks":[],"innerHTML":"","innerContent":[]}],"meta_data":false,"featured_image":{"url":"https:\/\/www.aluron.pl\/wp-content\/uploads\/2015\/10\/Lider_Kapitalu_Ludzkiego.jpg"},"main_category":{"name":"Wydarzenia"},"prev_page":{"slug":"aluron-na-fensterbau-frontale-2016"},"next_page":{"slug":"aluron-odznaczony-za-zaslugi-dla-wojewodztwa-slaskiego"},"_links":{"self":[{"href":"https:\/\/www.aluron.pl\/index.php\/wp-json\/wp\/v2\/posts\/2794","targetHints":{"allow":["GET"]}}],"collection":[{"href":"https:\/\/www.aluron.pl\/index.php\/wp-json\/wp\/v2\/posts"}],"about":[{"href":"https:\/\/www.aluron.pl\/index.php\/wp-json\/wp\/v2\/types\/post"}],"author":[{"embeddable":true,"href":"https:\/\/www.aluron.pl\/index.php\/wp-json\/wp\/v2\/users\/1"}],"replies":[{"embeddable":true,"href":"https:\/\/www.aluron.pl\/index.php\/wp-json\/wp\/v2\/comments?post=2794"}],"version-history":[{"count":3,"href":"https:\/\/www.aluron.pl\/index.php\/wp-json\/wp\/v2\/posts\/2794\/revisions"}],"predecessor-version":[{"id":7441,"href":"https:\/\/www.aluron.pl\/index.php\/wp-json\/wp\/v2\/posts\/2794\/revisions\/7441"}],"wp:featuredmedia":[{"embeddable":true,"href":"https:\/\/www.aluron.pl\/index.php\/wp-json\/wp\/v2\/media\/7438"}],"wp:attachment":[{"href":"https:\/\/www.aluron.pl\/index.php\/wp-json\/wp\/v2\/media?parent=2794"}],"wp:term":[{"taxonomy":"category","embeddable":true,"href":"https:\/\/www.aluron.pl\/index.php\/wp-json\/wp\/v2\/categories?post=2794"},{"taxonomy":"post_tag","embeddable":true,"href":"https:\/\/www.aluron.pl\/index.php\/wp-json\/wp\/v2\/tags?post=2794"}],"curies":[{"name":"wp","href":"https:\/\/api.w.org\/{rel}","templated":true}]}}