{"id":2865,"date":"2022-10-14T00:00:00","date_gmt":"2022-10-13T22:00:00","guid":{"rendered":"http:\/\/localhost\/specjalne-warsztaty-aluronu-podczas-jesiennej-edycji-ofs-2022\/"},"modified":"2024-06-19T13:44:48","modified_gmt":"2024-06-19T11:44:48","slug":"specjalne-warsztaty-aluronu-podczas-jesiennej-edycji-ofs-2022","status":"publish","type":"post","link":"https:\/\/www.aluron.pl\/specjalne-warsztaty-aluronu-podczas-jesiennej-edycji-ofs-2022\/","title":{"rendered":"Specjalne warsztaty Aluronu podczas jesiennej edycji OFS 2022!"},"content":{"rendered":"<p><strong>Ju\u017c w najbli\u017cszy wtorek, 18.10.2022 roku w O\u017carowie Mazowieckim rozpocznie si\u0119 kolejna ods\u0142ona Og\u00f3lnopolskiego Forum Stolarki.<\/strong><\/p>\n<p><!--more--><\/p>\n<p>Organizatorzy przygotowali szereg niezwykle interesuj\u0105cych paneli dyskusyjnych, kt\u00f3re dotycz\u0105 nowych rynk\u00f3w, na kt\u00f3re otwiera si\u0119 polska bran\u017ca stolarki otworowej. Jednym z g\u0142\u00f3wnych partner\u00f3w wydarzenia, obok strategicznego MACO Polska Sp. z o.o. jest w\u0142a\u015bnie Aluron Sp. z o.o.<\/p>\n<p>Przygotowalismy dla wszystkich uczestnik\u00f3w wydarzenia specjalne warsztaty, w kt\u00f3rych udzia\u0142 we\u017amie sztab trenerski dru\u017cyny Aluron CMC Warta Zawiercie. Pierwszego dnia OFS o godzinie 16:00 analityk klubowy Oskar Kaczmarczyk oraz pierwszy trener siatkarzy Micha\u0142 Winiarski b\u0119d\u0105 m\u00f3wi\u0107 o tym, jak biznes przenika si\u0119 ze sportem w kontek\u015bcie znaczenia metadanych i ich analizy w doskonaleniu zespo\u0142u.<\/p>\n<p>Drugim punktem poruszanym w ramach warsztat\u00f3w b\u0119dzie istotna wsp\u00f3\u0142cze\u015bnie z punktu widzenia niezale\u017cno\u015bci energetycznej kwestia odnawialnych \u017ar\u00f3de\u0142 energii. Stolarka budowlana mo\u017ce w znacznym stopniu pom\u00f3c w pozyskiwaniu energii s\u0142onecznej. Wyka\u017ce to w swoim wyst\u0105pieniu dyrektor bada\u0144 i rozwoju Aluronu, Artur Blukacz.<\/p>\n<p>Spotkanie z przedstawicielami systemodawcy i reprezentantami klubu odb\u0119dzie si\u0119 w sali s\u0105siaduj\u0105cej z g\u0142\u00f3wn\u0105 aul\u0105 konferencyjn\u0105 OFS-u.<\/p>\n","protected":false},"excerpt":"Ju\u017c w najbli\u017cszy wtorek, 18.10.2022 roku w O\u017carowie Mazowieckim rozpocznie si\u0119 kolejna ods\u0142ona Og\u00f3lnopolskiego Forum Stolarki.","author":1,"featured_media":0,"comment_status":"closed","ping_status":"open","sticky":false,"template":"","format":"standard","meta":{"inline_featured_image":false,"footnotes":""},"categories":[1],"tags":[],"class_list":["post-2865","post","type-post","status-publish","format-standard","hentry","category-wszystkie"],"yoast_head":"<!-- This site is optimized with the Yoast SEO plugin v27.1.1 - https:\/\/yoast.com\/product\/yoast-seo-wordpress\/ -->\n<title>Specjalne warsztaty Aluronu podczas jesiennej edycji OFS 2022! - Aluron<\/title>\n<meta name=\"robots\" content=\"index, follow, max-snippet:-1, max-image-preview:large, max-video-preview:-1\" \/>\n<link rel=\"canonical\" href=\"https:\/\/www.aluron.pl\/specjalne-warsztaty-aluronu-podczas-jesiennej-edycji-ofs-2022\/\" \/>\n<meta property=\"og:locale\" content=\"pl_PL\" \/>\n<meta property=\"og:type\" content=\"article\" \/>\n<meta property=\"og:title\" content=\"Specjalne warsztaty Aluronu podczas jesiennej edycji OFS 2022! - Aluron\" \/>\n<meta property=\"og:description\" content=\"Ju\u017c w najbli\u017cszy wtorek, 18.10.2022 roku w O\u017carowie Mazowieckim rozpocznie si\u0119 kolejna ods\u0142ona Og\u00f3lnopolskiego Forum Stolarki.\" \/>\n<meta property=\"og:url\" content=\"https:\/\/www.aluron.pl\/specjalne-warsztaty-aluronu-podczas-jesiennej-edycji-ofs-2022\/\" \/>\n<meta property=\"og:site_name\" content=\"Aluron\" \/>\n<meta property=\"article:published_time\" content=\"2022-10-13T22:00:00+00:00\" \/>\n<meta property=\"article:modified_time\" content=\"2024-06-19T11:44:48+00:00\" \/>\n<meta name=\"author\" content=\"empressia\" \/>\n<meta name=\"twitter:card\" content=\"summary_large_image\" \/>\n<meta name=\"twitter:label1\" content=\"Napisane przez\" \/>\n\t<meta name=\"twitter:data1\" content=\"empressia\" \/>\n\t<meta name=\"twitter:label2\" content=\"Szacowany czas czytania\" \/>\n\t<meta name=\"twitter:data2\" content=\"1 minuta\" \/>\n<script type=\"application\/ld+json\" class=\"yoast-schema-graph\">{\"@context\":\"https:\/\/schema.org\",\"@graph\":[{\"@type\":\"Article\",\"@id\":\"https:\/\/www.aluron.pl\/specjalne-warsztaty-aluronu-podczas-jesiennej-edycji-ofs-2022\/#article\",\"isPartOf\":{\"@id\":\"https:\/\/www.aluron.pl\/specjalne-warsztaty-aluronu-podczas-jesiennej-edycji-ofs-2022\/\"},\"author\":{\"name\":\"empressia\",\"@id\":\"https:\/\/www.aluron.pl\/#\/schema\/person\/129ea6c75169a5d685f95d07c274b2ef\"},\"headline\":\"Specjalne warsztaty Aluronu podczas jesiennej edycji OFS 2022!\",\"datePublished\":\"2022-10-13T22:00:00+00:00\",\"dateModified\":\"2024-06-19T11:44:48+00:00\",\"mainEntityOfPage\":{\"@id\":\"https:\/\/www.aluron.pl\/specjalne-warsztaty-aluronu-podczas-jesiennej-edycji-ofs-2022\/\"},\"wordCount\":209,\"publisher\":{\"@id\":\"https:\/\/www.aluron.pl\/#organization\"},\"articleSection\":[\"Wszystkie\"],\"inLanguage\":\"pl-PL\"},{\"@type\":\"WebPage\",\"@id\":\"https:\/\/www.aluron.pl\/specjalne-warsztaty-aluronu-podczas-jesiennej-edycji-ofs-2022\/\",\"url\":\"https:\/\/www.aluron.pl\/specjalne-warsztaty-aluronu-podczas-jesiennej-edycji-ofs-2022\/\",\"name\":\"Specjalne warsztaty Aluronu podczas jesiennej edycji OFS 2022! - Aluron\",\"isPartOf\":{\"@id\":\"https:\/\/www.aluron.pl\/#website\"},\"datePublished\":\"2022-10-13T22:00:00+00:00\",\"dateModified\":\"2024-06-19T11:44:48+00:00\",\"breadcrumb\":{\"@id\":\"https:\/\/www.aluron.pl\/specjalne-warsztaty-aluronu-podczas-jesiennej-edycji-ofs-2022\/#breadcrumb\"},\"inLanguage\":\"pl-PL\",\"potentialAction\":[{\"@type\":\"ReadAction\",\"target\":[\"https:\/\/www.aluron.pl\/specjalne-warsztaty-aluronu-podczas-jesiennej-edycji-ofs-2022\/\"]}]},{\"@type\":\"BreadcrumbList\",\"@id\":\"https:\/\/www.aluron.pl\/specjalne-warsztaty-aluronu-podczas-jesiennej-edycji-ofs-2022\/#breadcrumb\",\"itemListElement\":[{\"@type\":\"ListItem\",\"position\":1,\"name\":\"Aluron\",\"item\":\"https:\/\/www.aluron.pl\/\"},{\"@type\":\"ListItem\",\"position\":2,\"name\":\"Specjalne warsztaty Aluronu podczas jesiennej edycji OFS 2022!\"}]},{\"@type\":\"WebSite\",\"@id\":\"https:\/\/www.aluron.pl\/#website\",\"url\":\"https:\/\/www.aluron.pl\/\",\"name\":\"Aluron\",\"description\":\"\",\"publisher\":{\"@id\":\"https:\/\/www.aluron.pl\/#organization\"},\"potentialAction\":[{\"@type\":\"SearchAction\",\"target\":{\"@type\":\"EntryPoint\",\"urlTemplate\":\"https:\/\/www.aluron.pl\/?s={search_term_string}\"},\"query-input\":{\"@type\":\"PropertyValueSpecification\",\"valueRequired\":true,\"valueName\":\"search_term_string\"}}],\"inLanguage\":\"pl-PL\"},{\"@type\":\"Organization\",\"@id\":\"https:\/\/www.aluron.pl\/#organization\",\"name\":\"Aluron - Producent System\u00f3w Aluminiowych\",\"url\":\"https:\/\/www.aluron.pl\/\",\"logo\":{\"@type\":\"ImageObject\",\"inLanguage\":\"pl-PL\",\"@id\":\"https:\/\/www.aluron.pl\/#\/schema\/logo\/image\/\",\"url\":\"https:\/\/www.aluron.pl\/wp-content\/uploads\/2024\/03\/Logo-aluron.svg\",\"contentUrl\":\"https:\/\/www.aluron.pl\/wp-content\/uploads\/2024\/03\/Logo-aluron.svg\",\"width\":146,\"height\":40,\"caption\":\"Aluron - Producent System\u00f3w Aluminiowych\"},\"image\":{\"@id\":\"https:\/\/www.aluron.pl\/#\/schema\/logo\/image\/\"}},{\"@type\":\"Person\",\"@id\":\"https:\/\/www.aluron.pl\/#\/schema\/person\/129ea6c75169a5d685f95d07c274b2ef\",\"name\":\"empressia\",\"sameAs\":[\"https:\/\/www.aluron.pl\"]}]}<\/script>\n<!-- \/ Yoast SEO plugin. -->","yoast_head_json":{"title":"Specjalne warsztaty Aluronu podczas jesiennej edycji OFS 2022! - Aluron","robots":{"index":"index","follow":"follow","max-snippet":"max-snippet:-1","max-image-preview":"max-image-preview:large","max-video-preview":"max-video-preview:-1"},"canonical":"https:\/\/www.aluron.pl\/specjalne-warsztaty-aluronu-podczas-jesiennej-edycji-ofs-2022\/","og_locale":"pl_PL","og_type":"article","og_title":"Specjalne warsztaty Aluronu podczas jesiennej edycji OFS 2022! - Aluron","og_description":"Ju\u017c w najbli\u017cszy wtorek, 18.10.2022 roku w O\u017carowie Mazowieckim rozpocznie si\u0119 kolejna ods\u0142ona Og\u00f3lnopolskiego Forum Stolarki.","og_url":"https:\/\/www.aluron.pl\/specjalne-warsztaty-aluronu-podczas-jesiennej-edycji-ofs-2022\/","og_site_name":"Aluron","article_published_time":"2022-10-13T22:00:00+00:00","article_modified_time":"2024-06-19T11:44:48+00:00","author":"empressia","twitter_card":"summary_large_image","twitter_misc":{"Napisane przez":"empressia","Szacowany czas czytania":"1 minuta"},"schema":{"@context":"https:\/\/schema.org","@graph":[{"@type":"Article","@id":"https:\/\/www.aluron.pl\/specjalne-warsztaty-aluronu-podczas-jesiennej-edycji-ofs-2022\/#article","isPartOf":{"@id":"https:\/\/www.aluron.pl\/specjalne-warsztaty-aluronu-podczas-jesiennej-edycji-ofs-2022\/"},"author":{"name":"empressia","@id":"https:\/\/www.aluron.pl\/#\/schema\/person\/129ea6c75169a5d685f95d07c274b2ef"},"headline":"Specjalne warsztaty Aluronu podczas jesiennej edycji OFS 2022!","datePublished":"2022-10-13T22:00:00+00:00","dateModified":"2024-06-19T11:44:48+00:00","mainEntityOfPage":{"@id":"https:\/\/www.aluron.pl\/specjalne-warsztaty-aluronu-podczas-jesiennej-edycji-ofs-2022\/"},"wordCount":209,"publisher":{"@id":"https:\/\/www.aluron.pl\/#organization"},"articleSection":["Wszystkie"],"inLanguage":"pl-PL"},{"@type":"WebPage","@id":"https:\/\/www.aluron.pl\/specjalne-warsztaty-aluronu-podczas-jesiennej-edycji-ofs-2022\/","url":"https:\/\/www.aluron.pl\/specjalne-warsztaty-aluronu-podczas-jesiennej-edycji-ofs-2022\/","name":"Specjalne warsztaty Aluronu podczas jesiennej edycji OFS 2022! - Aluron","isPartOf":{"@id":"https:\/\/www.aluron.pl\/#website"},"datePublished":"2022-10-13T22:00:00+00:00","dateModified":"2024-06-19T11:44:48+00:00","breadcrumb":{"@id":"https:\/\/www.aluron.pl\/specjalne-warsztaty-aluronu-podczas-jesiennej-edycji-ofs-2022\/#breadcrumb"},"inLanguage":"pl-PL","potentialAction":[{"@type":"ReadAction","target":["https:\/\/www.aluron.pl\/specjalne-warsztaty-aluronu-podczas-jesiennej-edycji-ofs-2022\/"]}]},{"@type":"BreadcrumbList","@id":"https:\/\/www.aluron.pl\/specjalne-warsztaty-aluronu-podczas-jesiennej-edycji-ofs-2022\/#breadcrumb","itemListElement":[{"@type":"ListItem","position":1,"name":"Aluron","item":"https:\/\/www.aluron.pl\/"},{"@type":"ListItem","position":2,"name":"Specjalne warsztaty Aluronu podczas jesiennej edycji OFS 2022!"}]},{"@type":"WebSite","@id":"https:\/\/www.aluron.pl\/#website","url":"https:\/\/www.aluron.pl\/","name":"Aluron","description":"","publisher":{"@id":"https:\/\/www.aluron.pl\/#organization"},"potentialAction":[{"@type":"SearchAction","target":{"@type":"EntryPoint","urlTemplate":"https:\/\/www.aluron.pl\/?s={search_term_string}"},"query-input":{"@type":"PropertyValueSpecification","valueRequired":true,"valueName":"search_term_string"}}],"inLanguage":"pl-PL"},{"@type":"Organization","@id":"https:\/\/www.aluron.pl\/#organization","name":"Aluron - Producent System\u00f3w Aluminiowych","url":"https:\/\/www.aluron.pl\/","logo":{"@type":"ImageObject","inLanguage":"pl-PL","@id":"https:\/\/www.aluron.pl\/#\/schema\/logo\/image\/","url":"https:\/\/www.aluron.pl\/wp-content\/uploads\/2024\/03\/Logo-aluron.svg","contentUrl":"https:\/\/www.aluron.pl\/wp-content\/uploads\/2024\/03\/Logo-aluron.svg","width":146,"height":40,"caption":"Aluron - Producent System\u00f3w Aluminiowych"},"image":{"@id":"https:\/\/www.aluron.pl\/#\/schema\/logo\/image\/"}},{"@type":"Person","@id":"https:\/\/www.aluron.pl\/#\/schema\/person\/129ea6c75169a5d685f95d07c274b2ef","name":"empressia","sameAs":["https:\/\/www.aluron.pl"]}]}},"acf":[],"gutenberg_blocks":[{"blockName":"custom-styles","attrs":{"styles":""}}],"meta_data":false,"featured_image":false,"main_category":{"name":"Wszystkie"},"prev_page":{"slug":"rozpoczynamy-prosrodowiskowa-kampanie-o-nazwie-dzialaj-eko-logicznie"},"next_page":{"slug":"wydluzamy-gwarancje-na-uszczelki-do-12-lat"},"_links":{"self":[{"href":"https:\/\/www.aluron.pl\/index.php\/wp-json\/wp\/v2\/posts\/2865","targetHints":{"allow":["GET"]}}],"collection":[{"href":"https:\/\/www.aluron.pl\/index.php\/wp-json\/wp\/v2\/posts"}],"about":[{"href":"https:\/\/www.aluron.pl\/index.php\/wp-json\/wp\/v2\/types\/post"}],"author":[{"embeddable":true,"href":"https:\/\/www.aluron.pl\/index.php\/wp-json\/wp\/v2\/users\/1"}],"replies":[{"embeddable":true,"href":"https:\/\/www.aluron.pl\/index.php\/wp-json\/wp\/v2\/comments?post=2865"}],"version-history":[{"count":1,"href":"https:\/\/www.aluron.pl\/index.php\/wp-json\/wp\/v2\/posts\/2865\/revisions"}],"predecessor-version":[{"id":3013,"href":"https:\/\/www.aluron.pl\/index.php\/wp-json\/wp\/v2\/posts\/2865\/revisions\/3013"}],"wp:attachment":[{"href":"https:\/\/www.aluron.pl\/index.php\/wp-json\/wp\/v2\/media?parent=2865"}],"wp:term":[{"taxonomy":"category","embeddable":true,"href":"https:\/\/www.aluron.pl\/index.php\/wp-json\/wp\/v2\/categories?post=2865"},{"taxonomy":"post_tag","embeddable":true,"href":"https:\/\/www.aluron.pl\/index.php\/wp-json\/wp\/v2\/tags?post=2865"}],"curies":[{"name":"wp","href":"https:\/\/api.w.org\/{rel}","templated":true}]}}