{"id":2866,"date":"2022-10-28T00:00:00","date_gmt":"2022-10-27T22:00:00","guid":{"rendered":"http:\/\/localhost\/rozpoczynamy-prosrodowiskowa-kampanie-o-nazwie-dzialaj-eko-logicznie\/"},"modified":"2024-07-31T09:21:47","modified_gmt":"2024-07-31T07:21:47","slug":"rozpoczynamy-prosrodowiskowa-kampanie-o-nazwie-dzialaj-eko-logicznie","status":"publish","type":"post","link":"https:\/\/www.aluron.pl\/rozpoczynamy-prosrodowiskowa-kampanie-o-nazwie-dzialaj-eko-logicznie\/","title":{"rendered":"Rozpoczynamy pro\u015brodowiskow\u0105 kampani\u0119 o nazwie \u201eDzia\u0142aj EKO-logicznie!\u201d."},"content":{"rendered":"<p><strong>Polskie przedsi\u0119biorstwa maj\u0105 coraz wi\u0119ksz\u0105 \u015bwiadomo\u015b\u0107, jak wa\u017cne s\u0105 dzia\u0142ania na rzecz zmniejszenia ich potencjalnego negatywnego wp\u0142ywu na \u015brodowisko. W tym celu wdra\u017caj\u0105 unijne dyrektywy oraz d\u0105\u017c\u0105 do zmniejszenia swojego \u015bladu w\u0119glowego np. poprzez monta\u017c instalacji fotowoltaicznych. Z tego powodu Aluron Sp. z o.o. z pocz\u0105tkiem listopada rozpocznie pro\u015brodowiskow\u0105 kampani\u0119 \u201eDzia\u0142aj EKO-logicznie!\u201d.<\/strong><\/p>\n<p><!--more--><\/p>\n<blockquote><p>\u201e<em>W ci\u0105gu kilku najbli\u017cszych lat wiele zmieni si\u0119 w kwestii \u015bwiadomo\u015bci proekologicznej. Ju\u017c teraz mo\u017cna zauwa\u017cy\u0107 przemiany, kt\u00f3re dokonuj\u0105 si\u0119 wewn\u0105trz przedsi\u0119biorstw. Nadal jednak pro\u015brodowiskowe inicjatywy w wielu firmach ograniczaj\u0105 si\u0119 wy\u0142\u0105cznie do wewn\u0119trznych akcji edukacyjnych skierowanych do pracownik\u00f3w. W Aluronie k\u0142adziemy du\u017cy nacisk na ekologi\u0119. W ostatnim czasie pozyskali\u015bmy certyfikat \u015brodowiskowy ISO 14001. Dodatkowo, postanowili\u015bmy wesprze\u0107 naszych klient\u00f3w i razem z nimi do\u0142o\u017cy\u0107 cegie\u0142k\u0119 do ochrony \u015brodowiska. Dzi\u0119ki temu, \u017ce sami produkujemy uszczelki TPE, wiemy, \u017ce termoplastyczny elastomer, z kt\u00f3rego s\u0105 wykonane, poddaje si\u0119 w 100% recyklingowi. Zorganizowali\u015bmy wi\u0119c zbi\u00f3rk\u0119 \u015bcink\u00f3w po uszczelkach od naszych klient\u00f3w.<\/em>\u201d \u2013 powiedzia\u0142 \u0141ukasz Kucharczyk, dyrektor handlowy Aluronu.<\/p><\/blockquote>\n<h4>Zasady kampanii &#8222;Dzia\u0142aj EKO-logicznie!&#8221;<\/h4>\n<p>Kampani\u0119 kierujemy do naszych partner\u00f3w biznesowych. W listopadzie bie\u017c\u0105cego roku wraz z dostaw\u0105 zam\u00f3wionych w Aluronie produkt\u00f3w otrzymaj\u0105 oni dwa rodzaje odpowiednio oznakowanych work\u00f3w. W pierwszym partnerzy firmy b\u0119d\u0105 zbiera\u0107 niepotrzebne odcinki uszczelek TPE, wykorzystanych do produkcji konstrukcji okienno-drzwiowych. Drugi b\u0119dzie przeznaczony na pianki zabezpieczaj\u0105ce konstrukcje. Kierowcy Aluronu odbior\u0105 od klient\u00f3w wype\u0142nione worki i przeka\u017c\u0105 je w r\u0119ce wyznaczonych zespo\u0142\u00f3w w Zawierciu. Elementy z TPE na miejscu zostan\u0105 poddane obr\u00f3bce, a nast\u0119pnie wykorzystane do produkcji nowych uszczelek. Pianki z kolei po odpowiedniej segregacji zabezpiecz\u0105 konstrukcje w kolejnych zam\u00f3wieniach. Gospodarka cyrkularna prowadzona przez Aluron nie tylko sprzyja ochronie \u015brodowiska, ale te\u017c eliminuje koszty ponoszone przez klient\u00f3w firmy w zwi\u0105zku z konieczno\u015bci\u0105 rejestrowania i utylizowania tego typu odpad\u00f3w.&nbsp;<\/p>\n","protected":false},"excerpt":"Polskie przedsi\u0119biorstwa maj\u0105 coraz wi\u0119ksz\u0105 \u015bwiadomo\u015b\u0107, jak wa\u017cne s\u0105 dzia\u0142ania na rzecz zmniejszenia ich potencjalnego negatywnego wp\u0142ywu na \u015brodowisko. W tym celu wdra\u017caj\u0105 unijne dyrektywy oraz d\u0105\u017c\u0105 do zmniejszenia swojego \u015bladu w\u0119glowego np. poprzez monta\u017c instalacji fotowoltaicznych. Z tego powodu Aluron Sp. z o.o. z pocz\u0105tkiem listopada rozpocznie pro\u015brodowiskow\u0105 kampani\u0119 \u201eDzia\u0142aj EKO-logicznie!\u201d.","author":1,"featured_media":7408,"comment_status":"closed","ping_status":"open","sticky":false,"template":"","format":"standard","meta":{"inline_featured_image":false,"footnotes":""},"categories":[17],"tags":[],"class_list":["post-2866","post","type-post","status-publish","format-standard","has-post-thumbnail","hentry","category-wydarzenia"],"yoast_head":"<!-- This site is optimized with the Yoast SEO plugin v27.1.1 - https:\/\/yoast.com\/product\/yoast-seo-wordpress\/ -->\n<title>Rozpoczynamy pro\u015brodowiskow\u0105 kampani\u0119 o nazwie \u201eDzia\u0142aj EKO-logicznie!\u201d. - Aluron<\/title>\n<meta name=\"robots\" content=\"index, follow, max-snippet:-1, max-image-preview:large, max-video-preview:-1\" \/>\n<link rel=\"canonical\" href=\"https:\/\/www.aluron.pl\/rozpoczynamy-prosrodowiskowa-kampanie-o-nazwie-dzialaj-eko-logicznie\/\" \/>\n<meta property=\"og:locale\" content=\"pl_PL\" \/>\n<meta property=\"og:type\" content=\"article\" \/>\n<meta property=\"og:title\" content=\"Rozpoczynamy pro\u015brodowiskow\u0105 kampani\u0119 o nazwie \u201eDzia\u0142aj EKO-logicznie!\u201d. - Aluron\" \/>\n<meta property=\"og:description\" content=\"Polskie przedsi\u0119biorstwa maj\u0105 coraz wi\u0119ksz\u0105 \u015bwiadomo\u015b\u0107, jak wa\u017cne s\u0105 dzia\u0142ania na rzecz zmniejszenia ich potencjalnego negatywnego wp\u0142ywu na \u015brodowisko. W tym celu wdra\u017caj\u0105 unijne dyrektywy oraz d\u0105\u017c\u0105 do zmniejszenia swojego \u015bladu w\u0119glowego np. poprzez monta\u017c instalacji fotowoltaicznych. Z tego powodu Aluron Sp. z o.o. z pocz\u0105tkiem listopada rozpocznie pro\u015brodowiskow\u0105 kampani\u0119 \u201eDzia\u0142aj EKO-logicznie!\u201d.\" \/>\n<meta property=\"og:url\" content=\"https:\/\/www.aluron.pl\/rozpoczynamy-prosrodowiskowa-kampanie-o-nazwie-dzialaj-eko-logicznie\/\" \/>\n<meta property=\"og:site_name\" content=\"Aluron\" \/>\n<meta property=\"article:published_time\" content=\"2022-10-27T22:00:00+00:00\" \/>\n<meta property=\"article:modified_time\" content=\"2024-07-31T07:21:47+00:00\" \/>\n<meta property=\"og:image\" content=\"https:\/\/www.aluron.pl\/wp-content\/uploads\/2022\/10\/DzialajEkologicznie_A3_5-e1722410497740.png\" \/>\n\t<meta property=\"og:image:width\" content=\"1000\" \/>\n\t<meta property=\"og:image:height\" content=\"440\" \/>\n\t<meta property=\"og:image:type\" content=\"image\/png\" \/>\n<meta name=\"author\" content=\"empressia\" \/>\n<meta name=\"twitter:card\" content=\"summary_large_image\" \/>\n<meta name=\"twitter:label1\" content=\"Napisane przez\" \/>\n\t<meta name=\"twitter:data1\" content=\"empressia\" \/>\n\t<meta name=\"twitter:label2\" content=\"Szacowany czas czytania\" \/>\n\t<meta name=\"twitter:data2\" content=\"2 minuty\" \/>\n<script type=\"application\/ld+json\" class=\"yoast-schema-graph\">{\"@context\":\"https:\/\/schema.org\",\"@graph\":[{\"@type\":\"Article\",\"@id\":\"https:\/\/www.aluron.pl\/rozpoczynamy-prosrodowiskowa-kampanie-o-nazwie-dzialaj-eko-logicznie\/#article\",\"isPartOf\":{\"@id\":\"https:\/\/www.aluron.pl\/rozpoczynamy-prosrodowiskowa-kampanie-o-nazwie-dzialaj-eko-logicznie\/\"},\"author\":{\"name\":\"empressia\",\"@id\":\"https:\/\/www.aluron.pl\/#\/schema\/person\/129ea6c75169a5d685f95d07c274b2ef\"},\"headline\":\"Rozpoczynamy pro\u015brodowiskow\u0105 kampani\u0119 o nazwie \u201eDzia\u0142aj EKO-logicznie!\u201d.\",\"datePublished\":\"2022-10-27T22:00:00+00:00\",\"dateModified\":\"2024-07-31T07:21:47+00:00\",\"mainEntityOfPage\":{\"@id\":\"https:\/\/www.aluron.pl\/rozpoczynamy-prosrodowiskowa-kampanie-o-nazwie-dzialaj-eko-logicznie\/\"},\"wordCount\":341,\"publisher\":{\"@id\":\"https:\/\/www.aluron.pl\/#organization\"},\"image\":{\"@id\":\"https:\/\/www.aluron.pl\/rozpoczynamy-prosrodowiskowa-kampanie-o-nazwie-dzialaj-eko-logicznie\/#primaryimage\"},\"thumbnailUrl\":\"https:\/\/www.aluron.pl\/wp-content\/uploads\/2022\/10\/DzialajEkologicznie_A3_5-e1722410497740.png\",\"articleSection\":[\"Wydarzenia\"],\"inLanguage\":\"pl-PL\"},{\"@type\":\"WebPage\",\"@id\":\"https:\/\/www.aluron.pl\/rozpoczynamy-prosrodowiskowa-kampanie-o-nazwie-dzialaj-eko-logicznie\/\",\"url\":\"https:\/\/www.aluron.pl\/rozpoczynamy-prosrodowiskowa-kampanie-o-nazwie-dzialaj-eko-logicznie\/\",\"name\":\"Rozpoczynamy pro\u015brodowiskow\u0105 kampani\u0119 o nazwie \u201eDzia\u0142aj EKO-logicznie!\u201d. - Aluron\",\"isPartOf\":{\"@id\":\"https:\/\/www.aluron.pl\/#website\"},\"primaryImageOfPage\":{\"@id\":\"https:\/\/www.aluron.pl\/rozpoczynamy-prosrodowiskowa-kampanie-o-nazwie-dzialaj-eko-logicznie\/#primaryimage\"},\"image\":{\"@id\":\"https:\/\/www.aluron.pl\/rozpoczynamy-prosrodowiskowa-kampanie-o-nazwie-dzialaj-eko-logicznie\/#primaryimage\"},\"thumbnailUrl\":\"https:\/\/www.aluron.pl\/wp-content\/uploads\/2022\/10\/DzialajEkologicznie_A3_5-e1722410497740.png\",\"datePublished\":\"2022-10-27T22:00:00+00:00\",\"dateModified\":\"2024-07-31T07:21:47+00:00\",\"breadcrumb\":{\"@id\":\"https:\/\/www.aluron.pl\/rozpoczynamy-prosrodowiskowa-kampanie-o-nazwie-dzialaj-eko-logicznie\/#breadcrumb\"},\"inLanguage\":\"pl-PL\",\"potentialAction\":[{\"@type\":\"ReadAction\",\"target\":[\"https:\/\/www.aluron.pl\/rozpoczynamy-prosrodowiskowa-kampanie-o-nazwie-dzialaj-eko-logicznie\/\"]}]},{\"@type\":\"ImageObject\",\"inLanguage\":\"pl-PL\",\"@id\":\"https:\/\/www.aluron.pl\/rozpoczynamy-prosrodowiskowa-kampanie-o-nazwie-dzialaj-eko-logicznie\/#primaryimage\",\"url\":\"https:\/\/www.aluron.pl\/wp-content\/uploads\/2022\/10\/DzialajEkologicznie_A3_5-e1722410497740.png\",\"contentUrl\":\"https:\/\/www.aluron.pl\/wp-content\/uploads\/2022\/10\/DzialajEkologicznie_A3_5-e1722410497740.png\",\"width\":1000,\"height\":440},{\"@type\":\"BreadcrumbList\",\"@id\":\"https:\/\/www.aluron.pl\/rozpoczynamy-prosrodowiskowa-kampanie-o-nazwie-dzialaj-eko-logicznie\/#breadcrumb\",\"itemListElement\":[{\"@type\":\"ListItem\",\"position\":1,\"name\":\"Aluron\",\"item\":\"https:\/\/www.aluron.pl\/\"},{\"@type\":\"ListItem\",\"position\":2,\"name\":\"Rozpoczynamy pro\u015brodowiskow\u0105 kampani\u0119 o&nbsp;nazwie \u201eDzia\u0142aj EKO-logicznie!\u201d.\"}]},{\"@type\":\"WebSite\",\"@id\":\"https:\/\/www.aluron.pl\/#website\",\"url\":\"https:\/\/www.aluron.pl\/\",\"name\":\"Aluron\",\"description\":\"\",\"publisher\":{\"@id\":\"https:\/\/www.aluron.pl\/#organization\"},\"potentialAction\":[{\"@type\":\"SearchAction\",\"target\":{\"@type\":\"EntryPoint\",\"urlTemplate\":\"https:\/\/www.aluron.pl\/?s={search_term_string}\"},\"query-input\":{\"@type\":\"PropertyValueSpecification\",\"valueRequired\":true,\"valueName\":\"search_term_string\"}}],\"inLanguage\":\"pl-PL\"},{\"@type\":\"Organization\",\"@id\":\"https:\/\/www.aluron.pl\/#organization\",\"name\":\"Aluron - Producent System\u00f3w Aluminiowych\",\"url\":\"https:\/\/www.aluron.pl\/\",\"logo\":{\"@type\":\"ImageObject\",\"inLanguage\":\"pl-PL\",\"@id\":\"https:\/\/www.aluron.pl\/#\/schema\/logo\/image\/\",\"url\":\"https:\/\/www.aluron.pl\/wp-content\/uploads\/2024\/03\/Logo-aluron.svg\",\"contentUrl\":\"https:\/\/www.aluron.pl\/wp-content\/uploads\/2024\/03\/Logo-aluron.svg\",\"width\":146,\"height\":40,\"caption\":\"Aluron - Producent System\u00f3w Aluminiowych\"},\"image\":{\"@id\":\"https:\/\/www.aluron.pl\/#\/schema\/logo\/image\/\"}},{\"@type\":\"Person\",\"@id\":\"https:\/\/www.aluron.pl\/#\/schema\/person\/129ea6c75169a5d685f95d07c274b2ef\",\"name\":\"empressia\",\"sameAs\":[\"https:\/\/www.aluron.pl\"]}]}<\/script>\n<!-- \/ Yoast SEO plugin. -->","yoast_head_json":{"title":"Rozpoczynamy pro\u015brodowiskow\u0105 kampani\u0119 o nazwie \u201eDzia\u0142aj EKO-logicznie!\u201d. - Aluron","robots":{"index":"index","follow":"follow","max-snippet":"max-snippet:-1","max-image-preview":"max-image-preview:large","max-video-preview":"max-video-preview:-1"},"canonical":"https:\/\/www.aluron.pl\/rozpoczynamy-prosrodowiskowa-kampanie-o-nazwie-dzialaj-eko-logicznie\/","og_locale":"pl_PL","og_type":"article","og_title":"Rozpoczynamy pro\u015brodowiskow\u0105 kampani\u0119 o nazwie \u201eDzia\u0142aj EKO-logicznie!\u201d. - Aluron","og_description":"Polskie przedsi\u0119biorstwa maj\u0105 coraz wi\u0119ksz\u0105 \u015bwiadomo\u015b\u0107, jak wa\u017cne s\u0105 dzia\u0142ania na rzecz zmniejszenia ich potencjalnego negatywnego wp\u0142ywu na \u015brodowisko. W tym celu wdra\u017caj\u0105 unijne dyrektywy oraz d\u0105\u017c\u0105 do zmniejszenia swojego \u015bladu w\u0119glowego np. poprzez monta\u017c instalacji fotowoltaicznych. Z tego powodu Aluron Sp. z o.o. z pocz\u0105tkiem listopada rozpocznie pro\u015brodowiskow\u0105 kampani\u0119 \u201eDzia\u0142aj EKO-logicznie!\u201d.","og_url":"https:\/\/www.aluron.pl\/rozpoczynamy-prosrodowiskowa-kampanie-o-nazwie-dzialaj-eko-logicznie\/","og_site_name":"Aluron","article_published_time":"2022-10-27T22:00:00+00:00","article_modified_time":"2024-07-31T07:21:47+00:00","og_image":[{"width":1000,"height":440,"url":"https:\/\/www.aluron.pl\/wp-content\/uploads\/2022\/10\/DzialajEkologicznie_A3_5-e1722410497740.png","type":"image\/png"}],"author":"empressia","twitter_card":"summary_large_image","twitter_misc":{"Napisane przez":"empressia","Szacowany czas czytania":"2 minuty"},"schema":{"@context":"https:\/\/schema.org","@graph":[{"@type":"Article","@id":"https:\/\/www.aluron.pl\/rozpoczynamy-prosrodowiskowa-kampanie-o-nazwie-dzialaj-eko-logicznie\/#article","isPartOf":{"@id":"https:\/\/www.aluron.pl\/rozpoczynamy-prosrodowiskowa-kampanie-o-nazwie-dzialaj-eko-logicznie\/"},"author":{"name":"empressia","@id":"https:\/\/www.aluron.pl\/#\/schema\/person\/129ea6c75169a5d685f95d07c274b2ef"},"headline":"Rozpoczynamy pro\u015brodowiskow\u0105 kampani\u0119 o nazwie \u201eDzia\u0142aj EKO-logicznie!\u201d.","datePublished":"2022-10-27T22:00:00+00:00","dateModified":"2024-07-31T07:21:47+00:00","mainEntityOfPage":{"@id":"https:\/\/www.aluron.pl\/rozpoczynamy-prosrodowiskowa-kampanie-o-nazwie-dzialaj-eko-logicznie\/"},"wordCount":341,"publisher":{"@id":"https:\/\/www.aluron.pl\/#organization"},"image":{"@id":"https:\/\/www.aluron.pl\/rozpoczynamy-prosrodowiskowa-kampanie-o-nazwie-dzialaj-eko-logicznie\/#primaryimage"},"thumbnailUrl":"https:\/\/www.aluron.pl\/wp-content\/uploads\/2022\/10\/DzialajEkologicznie_A3_5-e1722410497740.png","articleSection":["Wydarzenia"],"inLanguage":"pl-PL"},{"@type":"WebPage","@id":"https:\/\/www.aluron.pl\/rozpoczynamy-prosrodowiskowa-kampanie-o-nazwie-dzialaj-eko-logicznie\/","url":"https:\/\/www.aluron.pl\/rozpoczynamy-prosrodowiskowa-kampanie-o-nazwie-dzialaj-eko-logicznie\/","name":"Rozpoczynamy pro\u015brodowiskow\u0105 kampani\u0119 o nazwie \u201eDzia\u0142aj EKO-logicznie!\u201d. - Aluron","isPartOf":{"@id":"https:\/\/www.aluron.pl\/#website"},"primaryImageOfPage":{"@id":"https:\/\/www.aluron.pl\/rozpoczynamy-prosrodowiskowa-kampanie-o-nazwie-dzialaj-eko-logicznie\/#primaryimage"},"image":{"@id":"https:\/\/www.aluron.pl\/rozpoczynamy-prosrodowiskowa-kampanie-o-nazwie-dzialaj-eko-logicznie\/#primaryimage"},"thumbnailUrl":"https:\/\/www.aluron.pl\/wp-content\/uploads\/2022\/10\/DzialajEkologicznie_A3_5-e1722410497740.png","datePublished":"2022-10-27T22:00:00+00:00","dateModified":"2024-07-31T07:21:47+00:00","breadcrumb":{"@id":"https:\/\/www.aluron.pl\/rozpoczynamy-prosrodowiskowa-kampanie-o-nazwie-dzialaj-eko-logicznie\/#breadcrumb"},"inLanguage":"pl-PL","potentialAction":[{"@type":"ReadAction","target":["https:\/\/www.aluron.pl\/rozpoczynamy-prosrodowiskowa-kampanie-o-nazwie-dzialaj-eko-logicznie\/"]}]},{"@type":"ImageObject","inLanguage":"pl-PL","@id":"https:\/\/www.aluron.pl\/rozpoczynamy-prosrodowiskowa-kampanie-o-nazwie-dzialaj-eko-logicznie\/#primaryimage","url":"https:\/\/www.aluron.pl\/wp-content\/uploads\/2022\/10\/DzialajEkologicznie_A3_5-e1722410497740.png","contentUrl":"https:\/\/www.aluron.pl\/wp-content\/uploads\/2022\/10\/DzialajEkologicznie_A3_5-e1722410497740.png","width":1000,"height":440},{"@type":"BreadcrumbList","@id":"https:\/\/www.aluron.pl\/rozpoczynamy-prosrodowiskowa-kampanie-o-nazwie-dzialaj-eko-logicznie\/#breadcrumb","itemListElement":[{"@type":"ListItem","position":1,"name":"Aluron","item":"https:\/\/www.aluron.pl\/"},{"@type":"ListItem","position":2,"name":"Rozpoczynamy pro\u015brodowiskow\u0105 kampani\u0119 o&nbsp;nazwie \u201eDzia\u0142aj EKO-logicznie!\u201d."}]},{"@type":"WebSite","@id":"https:\/\/www.aluron.pl\/#website","url":"https:\/\/www.aluron.pl\/","name":"Aluron","description":"","publisher":{"@id":"https:\/\/www.aluron.pl\/#organization"},"potentialAction":[{"@type":"SearchAction","target":{"@type":"EntryPoint","urlTemplate":"https:\/\/www.aluron.pl\/?s={search_term_string}"},"query-input":{"@type":"PropertyValueSpecification","valueRequired":true,"valueName":"search_term_string"}}],"inLanguage":"pl-PL"},{"@type":"Organization","@id":"https:\/\/www.aluron.pl\/#organization","name":"Aluron - Producent System\u00f3w Aluminiowych","url":"https:\/\/www.aluron.pl\/","logo":{"@type":"ImageObject","inLanguage":"pl-PL","@id":"https:\/\/www.aluron.pl\/#\/schema\/logo\/image\/","url":"https:\/\/www.aluron.pl\/wp-content\/uploads\/2024\/03\/Logo-aluron.svg","contentUrl":"https:\/\/www.aluron.pl\/wp-content\/uploads\/2024\/03\/Logo-aluron.svg","width":146,"height":40,"caption":"Aluron - Producent System\u00f3w Aluminiowych"},"image":{"@id":"https:\/\/www.aluron.pl\/#\/schema\/logo\/image\/"}},{"@type":"Person","@id":"https:\/\/www.aluron.pl\/#\/schema\/person\/129ea6c75169a5d685f95d07c274b2ef","name":"empressia","sameAs":["https:\/\/www.aluron.pl"]}]}},"acf":[],"gutenberg_blocks":[{"blockName":"custom-styles","attrs":{"styles":""}}],"meta_data":false,"featured_image":{"url":"https:\/\/www.aluron.pl\/wp-content\/uploads\/2022\/10\/DzialajEkologicznie_A3_5-e1722410497740.png"},"main_category":{"name":"Wydarzenia"},"prev_page":{"slug":"cieply-system-drzwi-przeciwpozarowych-as-75ei"},"next_page":{"slug":"specjalne-warsztaty-aluronu-podczas-jesiennej-edycji-ofs-2022"},"_links":{"self":[{"href":"https:\/\/www.aluron.pl\/index.php\/wp-json\/wp\/v2\/posts\/2866","targetHints":{"allow":["GET"]}}],"collection":[{"href":"https:\/\/www.aluron.pl\/index.php\/wp-json\/wp\/v2\/posts"}],"about":[{"href":"https:\/\/www.aluron.pl\/index.php\/wp-json\/wp\/v2\/types\/post"}],"author":[{"embeddable":true,"href":"https:\/\/www.aluron.pl\/index.php\/wp-json\/wp\/v2\/users\/1"}],"replies":[{"embeddable":true,"href":"https:\/\/www.aluron.pl\/index.php\/wp-json\/wp\/v2\/comments?post=2866"}],"version-history":[{"count":1,"href":"https:\/\/www.aluron.pl\/index.php\/wp-json\/wp\/v2\/posts\/2866\/revisions"}],"predecessor-version":[{"id":3014,"href":"https:\/\/www.aluron.pl\/index.php\/wp-json\/wp\/v2\/posts\/2866\/revisions\/3014"}],"wp:featuredmedia":[{"embeddable":true,"href":"https:\/\/www.aluron.pl\/index.php\/wp-json\/wp\/v2\/media\/7408"}],"wp:attachment":[{"href":"https:\/\/www.aluron.pl\/index.php\/wp-json\/wp\/v2\/media?parent=2866"}],"wp:term":[{"taxonomy":"category","embeddable":true,"href":"https:\/\/www.aluron.pl\/index.php\/wp-json\/wp\/v2\/categories?post=2866"},{"taxonomy":"post_tag","embeddable":true,"href":"https:\/\/www.aluron.pl\/index.php\/wp-json\/wp\/v2\/tags?post=2866"}],"curies":[{"name":"wp","href":"https:\/\/api.w.org\/{rel}","templated":true}]}}