{"id":2923,"date":"2023-11-10T00:00:00","date_gmt":"2023-11-09T23:00:00","guid":{"rendered":"http:\/\/localhost\/prezentacja-aluronu-podczas-ofs-2023\/"},"modified":"2024-07-30T15:24:45","modified_gmt":"2024-07-30T13:24:45","slug":"prezentacja-aluronu-podczas-ofs-2023","status":"publish","type":"post","link":"https:\/\/www.aluron.pl\/prezentacja-aluronu-podczas-ofs-2023\/","title":{"rendered":"Prezentacja Aluronu podczas OFS 2023"},"content":{"rendered":"<p>Emocje po Og\u00f3lnopolskim Forum Stolarki jesie\u0144 2023 nieco ju\u017c opad\u0142y, ale echa rozm\u00f3w kuluarowych, debat i wyst\u0105pie\u0144 prelegent\u00f3w jeszcze d\u0142ugo b\u0119d\u0105 go\u015bci\u0107 w g\u0142owach uczestnik\u00f3w, kt\u00f3rzy w tym roku pobili frekwencyjny rekord 250 os\u00f3b. Silnym g\u0142osem w trakcie dwudniowej konferencji wybrzmia\u0142 r\u00f3wnie\u017c Aluron, kt\u00f3ry pe\u0142ni\u0142 rol\u0119 partnera g\u0142\u00f3wnego tegorocznej edycji OFS-u.<!--more--><\/p>\n<p>Przedstawiciele producenta system\u00f3w aluminiowych z Zawiercia w trakcie wydarzenia dwukrotnie mieli mo\u017cliwo\u015b\u0107 zaprezentowania ze sceny swoich pogl\u0105d\u00f3w i stanowiska. Pierwszego dnia to w\u0142a\u015bnie prelekcja dyrektora dzia\u0142u bada\u0144 i rozwoju w Aluron sp. z o.o., Artura Blukacza podsumowa\u0142a drugi blok tematyczny po\u015bwi\u0119cony zr\u00f3wnowa\u017conemu rozwojowi i zielonej transformacji przemys\u0142owej. Wszyscy poprzedni m\u00f3wcy opowiadali o niezwykle wa\u017cnych dzia\u0142aniach i strategiach zmierzaj\u0105cych do redukowania \u015bladu w\u0119glowego swoich firm w perspektywie d\u0142ugoterminowej do 2050 roku. Aluron podszed\u0142 do zagadnienia nieco inaczej, podkre\u015blaj\u0105c potrzeb\u0119 i znaczenie dzia\u0142ania r\u00f3wnie\u017c w czasie rzeczywistym u ko\u0144ca 2023 r. W swojej prezentacji Artur Blukacz opowiedzia\u0142 o ekologicznym procesie produkcji system\u00f3w aluminiowych na bazie case study Aluronu.<\/p>\n<h4><strong>Gospodarka cyrkularna<\/strong><\/h4>\n<blockquote><p>\u201e<em>Surowcowa gospodarka cyrkularna realizowana w Aluronie na kilka sposob\u00f3w to bardzo wa\u017cny aspekt naszego procesu produkcyjnego. Aluron jako jedyny systemodawca posiada w\u0142asn\u0105 lini\u0119 do produkcji uszczelek TPE wykonywanych z termoplastycznego elastomeru. Surowiec ten ma du\u017co lepsze w\u0142a\u015bciwo\u015bci ni\u017c EPDM, ale co najwa\u017cniejsze jest w 100% odzyskiwalnym. Niepotrzebne \u015bcinki uszczelek s\u0105 poddawane procesowi mielenia, nast\u0119pnie s\u0105 mieszane z pierwotnym surowcem i ponownie wykorzystywane do produkcji uszczelek.<\/em>\u201d<\/p><\/blockquote>\n<p>W analogiczny spos\u00f3b w Zawierciu post\u0119puje si\u0119 z profilami z ABS. W ramach gospodarki cyrkularnej pianki s\u0142u\u017c\u0105ce do zabezpieczania naro\u017cy ramek aluminiowych na czas transportu do klient\u00f3w s\u0105 nast\u0119pnie w ramach akcji pro\u015brodowiskowej \u201eDzia\u0142aj EKO-logicznie\u201d od nich odbierane i ponownie wykorzystywane do zabezpieczania kolejnych dostaw.<\/p>\n<h4><strong>Energooszcz\u0119dno\u015b\u0107<\/strong><\/h4>\n<p>W Aluronie energi\u0119 oszcz\u0119dza si\u0119 na wiele r\u00f3\u017cnych sposob\u00f3w. Tradycyjne spalinowe w\u00f3zki wid\u0142owe zast\u0105pi\u0142y ich elektryczne odpowiedniki \u0142adowane w akumulatorowni zlokalizowanej w zak\u0142adzie produkcyjnym firmy. Firma dokona\u0142a te\u017c zmiany o\u015bwietlenia w halach produkcyjnych z jarzeniowego na ledowe. Dzia\u0142ania te przek\u0142adaj\u0105 si\u0119 nie tylko na oszcz\u0119dno\u015b\u0107 finansow\u0105, ale r\u00f3wnie\u017c na redukcj\u0119 emisji CO<sub>2<\/sub> do atmosfery.<\/p>\n<p>Pozyskiwanie energii ze \u017ar\u00f3de\u0142 odnawialnych to kolejny aspekt proekologicznych dzia\u0142a\u0144 Aluronu. Firma wykorzystuje tradycyjne panele fotowoltaiczne zlokalizowanych na dachu zak\u0142adu, pozyskuje te\u017c energi\u0119 s\u0142oneczn\u0105 za pomoc\u0105 autorskiej fotowoltaicznej fasady s\u0142upowo-ryglowej AF 50KW QUANTUM.<\/p>\n<p>Pe\u0142na prezentacja proekologicznych dzia\u0142a\u0144 Aluronu zaprezentowanych podczas OFS 2023 dost\u0119pna jest w materiale wideo: <a href=\"https:\/\/bit.ly\/EKO-ALURON\">EKO-ALURON<\/a>.<\/p>\n<h4><strong>Panel trzeci &#8211; automatyzacja, optymalizacja oraz wydajno\u015b\u0107<\/strong><\/h4>\n<p>Drugi dzie\u0144 konferencji zdominowa\u0142a tematyka wydajno\u015bci, optymalizacji i automatyzacji. Szczeg\u00f3lnie du\u017co czasu po\u015bwi\u0119cono zmianom wydajno\u015b\u0107 polskich firm do 2022 roku w por\u00f3wnaniu do producent\u00f3w zagranicznych. \u00a0Ostatni blok tematyczny ko\u0144czy\u0142a rozmowa ekspert\u00f3w, w kt\u00f3rej udzia\u0142 wzi\u0119li: Kryspin Baran,\u00a0prezes Aluron sp. z o.o.;\u00a0Marek Porzecki, w\u0142a\u015bciciel Abakus Okna;\u00a0Rafa\u0142 Czerwi\u0144ski, dyrektor handlowy Fimtec\u00a0<a href=\"https:\/\/forumbranzowe.com\/tag\/polska\/\">Polska<\/a> oraz Mariusz Megier, dyrektor zarz\u0105dzaj\u0105cy Orgadata East Europe. Trwaj\u0105c\u0105 ponad godzin\u0119 rozmow\u0119 podsumowa\u0142 Prezes Aluronu, Kryspin Baran:<\/p>\n<blockquote><p>\u201e<em>Na kryzys nale\u017cy spojrze\u0107 jak na szklank\u0119 do po\u0142owy pe\u0142n\u0105. Jest to czas, kiedy mo\u017cemy si\u0119 dozbroi\u0107, przebran\u017cowi\u0107 i doszkoli\u0107. (\u2026) W tym okresie powinni\u015bmy nasze podobie\u0144stwo do lokalnych dostawc\u00f3w na rynkach zagranicznych zamieni\u0107 na unikalno\u015b\u0107, wi\u0119ksz\u0105 sprawno\u015b\u0107 i szybko\u015b\u0107 dzia\u0142ania. Nie musimy ju\u017c kopiowa\u0107 zagranicznych rozwi\u0105za\u0144 i rywalizowa\u0107 cen\u0105. Nasze produkty powinny by\u0107 atrakcyjne cenowo, ale nie ta\u0144sze. Nie powinni\u015bmy obawia\u0107 si\u0119 u\u017cywania polskich czy wschodnioeuropejskich komponent\u00f3w. B\u0119dziemy traktowani przez zagranicznych kontrahent\u00f3w powa\u017cniej, je\u017celi polscy producenci b\u0119d\u0105 z odwag\u0105 oferowa\u0107 swoj\u0105 mark\u0119 i technologi\u0119, kt\u00f3rej s\u0105 gwarantem.<\/em>\u201d<\/p><\/blockquote>\n","protected":false},"excerpt":"Emocje po Og\u00f3lnopolskim Forum Stolarki jesie\u0144 2023 nieco ju\u017c opad\u0142y, ale echa rozm\u00f3w kuluarowych, debat i wyst\u0105pie\u0144 prelegent\u00f3w jeszcze d\u0142ugo b\u0119d\u0105 go\u015bci\u0107 w g\u0142owach uczestnik\u00f3w, kt\u00f3rzy w tym roku pobili frekwencyjny rekord 250 os\u00f3b. Silnym g\u0142osem w trakcie dwudniowej konferencji wybrzmia\u0142 r\u00f3wnie\u017c Aluron, kt\u00f3ry pe\u0142ni\u0142 rol\u0119 partnera g\u0142\u00f3wnego tegorocznej edycji OFS-u.","author":1,"featured_media":7348,"comment_status":"closed","ping_status":"open","sticky":false,"template":"","format":"standard","meta":{"inline_featured_image":false,"footnotes":""},"categories":[17],"tags":[],"class_list":["post-2923","post","type-post","status-publish","format-standard","has-post-thumbnail","hentry","category-wydarzenia"],"yoast_head":"<!-- This site is optimized with the Yoast SEO plugin v27.1.1 - https:\/\/yoast.com\/product\/yoast-seo-wordpress\/ -->\n<title>Prezentacja Aluronu podczas OFS 2023 - Aluron<\/title>\n<meta name=\"robots\" content=\"index, follow, max-snippet:-1, max-image-preview:large, max-video-preview:-1\" \/>\n<link rel=\"canonical\" href=\"https:\/\/www.aluron.pl\/prezentacja-aluronu-podczas-ofs-2023\/\" \/>\n<meta property=\"og:locale\" content=\"pl_PL\" \/>\n<meta property=\"og:type\" content=\"article\" \/>\n<meta property=\"og:title\" content=\"Prezentacja Aluronu podczas OFS 2023 - Aluron\" \/>\n<meta property=\"og:description\" content=\"Emocje po Og\u00f3lnopolskim Forum Stolarki jesie\u0144 2023 nieco ju\u017c opad\u0142y, ale echa rozm\u00f3w kuluarowych, debat i wyst\u0105pie\u0144 prelegent\u00f3w jeszcze d\u0142ugo b\u0119d\u0105 go\u015bci\u0107 w g\u0142owach uczestnik\u00f3w, kt\u00f3rzy w tym roku pobili frekwencyjny rekord 250 os\u00f3b. Silnym g\u0142osem w trakcie dwudniowej konferencji wybrzmia\u0142 r\u00f3wnie\u017c Aluron, kt\u00f3ry pe\u0142ni\u0142 rol\u0119 partnera g\u0142\u00f3wnego tegorocznej edycji OFS-u.\" \/>\n<meta property=\"og:url\" content=\"https:\/\/www.aluron.pl\/prezentacja-aluronu-podczas-ofs-2023\/\" \/>\n<meta property=\"og:site_name\" content=\"Aluron\" \/>\n<meta property=\"article:published_time\" content=\"2023-11-09T23:00:00+00:00\" \/>\n<meta property=\"article:modified_time\" content=\"2024-07-30T13:24:45+00:00\" \/>\n<meta property=\"og:image\" content=\"https:\/\/www.aluron.pl\/wp-content\/uploads\/2023\/11\/OFS_2023-353-e1722345832976.jpg\" \/>\n\t<meta property=\"og:image:width\" content=\"2000\" \/>\n\t<meta property=\"og:image:height\" content=\"976\" \/>\n\t<meta property=\"og:image:type\" content=\"image\/jpeg\" \/>\n<meta name=\"author\" content=\"empressia\" \/>\n<meta name=\"twitter:card\" content=\"summary_large_image\" \/>\n<meta name=\"twitter:label1\" content=\"Napisane przez\" \/>\n\t<meta name=\"twitter:data1\" content=\"empressia\" \/>\n\t<meta name=\"twitter:label2\" content=\"Szacowany czas czytania\" \/>\n\t<meta name=\"twitter:data2\" content=\"3 minuty\" \/>\n<script type=\"application\/ld+json\" class=\"yoast-schema-graph\">{\"@context\":\"https:\/\/schema.org\",\"@graph\":[{\"@type\":\"Article\",\"@id\":\"https:\/\/www.aluron.pl\/prezentacja-aluronu-podczas-ofs-2023\/#article\",\"isPartOf\":{\"@id\":\"https:\/\/www.aluron.pl\/prezentacja-aluronu-podczas-ofs-2023\/\"},\"author\":{\"name\":\"empressia\",\"@id\":\"https:\/\/www.aluron.pl\/#\/schema\/person\/129ea6c75169a5d685f95d07c274b2ef\"},\"headline\":\"Prezentacja Aluronu podczas OFS 2023\",\"datePublished\":\"2023-11-09T23:00:00+00:00\",\"dateModified\":\"2024-07-30T13:24:45+00:00\",\"mainEntityOfPage\":{\"@id\":\"https:\/\/www.aluron.pl\/prezentacja-aluronu-podczas-ofs-2023\/\"},\"wordCount\":658,\"publisher\":{\"@id\":\"https:\/\/www.aluron.pl\/#organization\"},\"image\":{\"@id\":\"https:\/\/www.aluron.pl\/prezentacja-aluronu-podczas-ofs-2023\/#primaryimage\"},\"thumbnailUrl\":\"https:\/\/www.aluron.pl\/wp-content\/uploads\/2023\/11\/OFS_2023-353-e1722345832976.jpg\",\"articleSection\":[\"Wydarzenia\"],\"inLanguage\":\"pl-PL\"},{\"@type\":\"WebPage\",\"@id\":\"https:\/\/www.aluron.pl\/prezentacja-aluronu-podczas-ofs-2023\/\",\"url\":\"https:\/\/www.aluron.pl\/prezentacja-aluronu-podczas-ofs-2023\/\",\"name\":\"Prezentacja Aluronu podczas OFS 2023 - Aluron\",\"isPartOf\":{\"@id\":\"https:\/\/www.aluron.pl\/#website\"},\"primaryImageOfPage\":{\"@id\":\"https:\/\/www.aluron.pl\/prezentacja-aluronu-podczas-ofs-2023\/#primaryimage\"},\"image\":{\"@id\":\"https:\/\/www.aluron.pl\/prezentacja-aluronu-podczas-ofs-2023\/#primaryimage\"},\"thumbnailUrl\":\"https:\/\/www.aluron.pl\/wp-content\/uploads\/2023\/11\/OFS_2023-353-e1722345832976.jpg\",\"datePublished\":\"2023-11-09T23:00:00+00:00\",\"dateModified\":\"2024-07-30T13:24:45+00:00\",\"breadcrumb\":{\"@id\":\"https:\/\/www.aluron.pl\/prezentacja-aluronu-podczas-ofs-2023\/#breadcrumb\"},\"inLanguage\":\"pl-PL\",\"potentialAction\":[{\"@type\":\"ReadAction\",\"target\":[\"https:\/\/www.aluron.pl\/prezentacja-aluronu-podczas-ofs-2023\/\"]}]},{\"@type\":\"ImageObject\",\"inLanguage\":\"pl-PL\",\"@id\":\"https:\/\/www.aluron.pl\/prezentacja-aluronu-podczas-ofs-2023\/#primaryimage\",\"url\":\"https:\/\/www.aluron.pl\/wp-content\/uploads\/2023\/11\/OFS_2023-353-e1722345832976.jpg\",\"contentUrl\":\"https:\/\/www.aluron.pl\/wp-content\/uploads\/2023\/11\/OFS_2023-353-e1722345832976.jpg\",\"width\":2000,\"height\":976},{\"@type\":\"BreadcrumbList\",\"@id\":\"https:\/\/www.aluron.pl\/prezentacja-aluronu-podczas-ofs-2023\/#breadcrumb\",\"itemListElement\":[{\"@type\":\"ListItem\",\"position\":1,\"name\":\"Aluron\",\"item\":\"https:\/\/www.aluron.pl\/\"},{\"@type\":\"ListItem\",\"position\":2,\"name\":\"Prezentacja Aluronu podczas OFS 2023\"}]},{\"@type\":\"WebSite\",\"@id\":\"https:\/\/www.aluron.pl\/#website\",\"url\":\"https:\/\/www.aluron.pl\/\",\"name\":\"Aluron\",\"description\":\"\",\"publisher\":{\"@id\":\"https:\/\/www.aluron.pl\/#organization\"},\"potentialAction\":[{\"@type\":\"SearchAction\",\"target\":{\"@type\":\"EntryPoint\",\"urlTemplate\":\"https:\/\/www.aluron.pl\/?s={search_term_string}\"},\"query-input\":{\"@type\":\"PropertyValueSpecification\",\"valueRequired\":true,\"valueName\":\"search_term_string\"}}],\"inLanguage\":\"pl-PL\"},{\"@type\":\"Organization\",\"@id\":\"https:\/\/www.aluron.pl\/#organization\",\"name\":\"Aluron - Producent System\u00f3w Aluminiowych\",\"url\":\"https:\/\/www.aluron.pl\/\",\"logo\":{\"@type\":\"ImageObject\",\"inLanguage\":\"pl-PL\",\"@id\":\"https:\/\/www.aluron.pl\/#\/schema\/logo\/image\/\",\"url\":\"https:\/\/www.aluron.pl\/wp-content\/uploads\/2024\/03\/Logo-aluron.svg\",\"contentUrl\":\"https:\/\/www.aluron.pl\/wp-content\/uploads\/2024\/03\/Logo-aluron.svg\",\"width\":146,\"height\":40,\"caption\":\"Aluron - Producent System\u00f3w Aluminiowych\"},\"image\":{\"@id\":\"https:\/\/www.aluron.pl\/#\/schema\/logo\/image\/\"}},{\"@type\":\"Person\",\"@id\":\"https:\/\/www.aluron.pl\/#\/schema\/person\/129ea6c75169a5d685f95d07c274b2ef\",\"name\":\"empressia\",\"sameAs\":[\"https:\/\/www.aluron.pl\"]}]}<\/script>\n<!-- \/ Yoast SEO plugin. -->","yoast_head_json":{"title":"Prezentacja Aluronu podczas OFS 2023 - Aluron","robots":{"index":"index","follow":"follow","max-snippet":"max-snippet:-1","max-image-preview":"max-image-preview:large","max-video-preview":"max-video-preview:-1"},"canonical":"https:\/\/www.aluron.pl\/prezentacja-aluronu-podczas-ofs-2023\/","og_locale":"pl_PL","og_type":"article","og_title":"Prezentacja Aluronu podczas OFS 2023 - Aluron","og_description":"Emocje po Og\u00f3lnopolskim Forum Stolarki jesie\u0144 2023 nieco ju\u017c opad\u0142y, ale echa rozm\u00f3w kuluarowych, debat i wyst\u0105pie\u0144 prelegent\u00f3w jeszcze d\u0142ugo b\u0119d\u0105 go\u015bci\u0107 w g\u0142owach uczestnik\u00f3w, kt\u00f3rzy w tym roku pobili frekwencyjny rekord 250 os\u00f3b. Silnym g\u0142osem w trakcie dwudniowej konferencji wybrzmia\u0142 r\u00f3wnie\u017c Aluron, kt\u00f3ry pe\u0142ni\u0142 rol\u0119 partnera g\u0142\u00f3wnego tegorocznej edycji OFS-u.","og_url":"https:\/\/www.aluron.pl\/prezentacja-aluronu-podczas-ofs-2023\/","og_site_name":"Aluron","article_published_time":"2023-11-09T23:00:00+00:00","article_modified_time":"2024-07-30T13:24:45+00:00","og_image":[{"width":2000,"height":976,"url":"https:\/\/www.aluron.pl\/wp-content\/uploads\/2023\/11\/OFS_2023-353-e1722345832976.jpg","type":"image\/jpeg"}],"author":"empressia","twitter_card":"summary_large_image","twitter_misc":{"Napisane przez":"empressia","Szacowany czas czytania":"3 minuty"},"schema":{"@context":"https:\/\/schema.org","@graph":[{"@type":"Article","@id":"https:\/\/www.aluron.pl\/prezentacja-aluronu-podczas-ofs-2023\/#article","isPartOf":{"@id":"https:\/\/www.aluron.pl\/prezentacja-aluronu-podczas-ofs-2023\/"},"author":{"name":"empressia","@id":"https:\/\/www.aluron.pl\/#\/schema\/person\/129ea6c75169a5d685f95d07c274b2ef"},"headline":"Prezentacja Aluronu podczas OFS 2023","datePublished":"2023-11-09T23:00:00+00:00","dateModified":"2024-07-30T13:24:45+00:00","mainEntityOfPage":{"@id":"https:\/\/www.aluron.pl\/prezentacja-aluronu-podczas-ofs-2023\/"},"wordCount":658,"publisher":{"@id":"https:\/\/www.aluron.pl\/#organization"},"image":{"@id":"https:\/\/www.aluron.pl\/prezentacja-aluronu-podczas-ofs-2023\/#primaryimage"},"thumbnailUrl":"https:\/\/www.aluron.pl\/wp-content\/uploads\/2023\/11\/OFS_2023-353-e1722345832976.jpg","articleSection":["Wydarzenia"],"inLanguage":"pl-PL"},{"@type":"WebPage","@id":"https:\/\/www.aluron.pl\/prezentacja-aluronu-podczas-ofs-2023\/","url":"https:\/\/www.aluron.pl\/prezentacja-aluronu-podczas-ofs-2023\/","name":"Prezentacja Aluronu podczas OFS 2023 - Aluron","isPartOf":{"@id":"https:\/\/www.aluron.pl\/#website"},"primaryImageOfPage":{"@id":"https:\/\/www.aluron.pl\/prezentacja-aluronu-podczas-ofs-2023\/#primaryimage"},"image":{"@id":"https:\/\/www.aluron.pl\/prezentacja-aluronu-podczas-ofs-2023\/#primaryimage"},"thumbnailUrl":"https:\/\/www.aluron.pl\/wp-content\/uploads\/2023\/11\/OFS_2023-353-e1722345832976.jpg","datePublished":"2023-11-09T23:00:00+00:00","dateModified":"2024-07-30T13:24:45+00:00","breadcrumb":{"@id":"https:\/\/www.aluron.pl\/prezentacja-aluronu-podczas-ofs-2023\/#breadcrumb"},"inLanguage":"pl-PL","potentialAction":[{"@type":"ReadAction","target":["https:\/\/www.aluron.pl\/prezentacja-aluronu-podczas-ofs-2023\/"]}]},{"@type":"ImageObject","inLanguage":"pl-PL","@id":"https:\/\/www.aluron.pl\/prezentacja-aluronu-podczas-ofs-2023\/#primaryimage","url":"https:\/\/www.aluron.pl\/wp-content\/uploads\/2023\/11\/OFS_2023-353-e1722345832976.jpg","contentUrl":"https:\/\/www.aluron.pl\/wp-content\/uploads\/2023\/11\/OFS_2023-353-e1722345832976.jpg","width":2000,"height":976},{"@type":"BreadcrumbList","@id":"https:\/\/www.aluron.pl\/prezentacja-aluronu-podczas-ofs-2023\/#breadcrumb","itemListElement":[{"@type":"ListItem","position":1,"name":"Aluron","item":"https:\/\/www.aluron.pl\/"},{"@type":"ListItem","position":2,"name":"Prezentacja Aluronu podczas OFS 2023"}]},{"@type":"WebSite","@id":"https:\/\/www.aluron.pl\/#website","url":"https:\/\/www.aluron.pl\/","name":"Aluron","description":"","publisher":{"@id":"https:\/\/www.aluron.pl\/#organization"},"potentialAction":[{"@type":"SearchAction","target":{"@type":"EntryPoint","urlTemplate":"https:\/\/www.aluron.pl\/?s={search_term_string}"},"query-input":{"@type":"PropertyValueSpecification","valueRequired":true,"valueName":"search_term_string"}}],"inLanguage":"pl-PL"},{"@type":"Organization","@id":"https:\/\/www.aluron.pl\/#organization","name":"Aluron - Producent System\u00f3w Aluminiowych","url":"https:\/\/www.aluron.pl\/","logo":{"@type":"ImageObject","inLanguage":"pl-PL","@id":"https:\/\/www.aluron.pl\/#\/schema\/logo\/image\/","url":"https:\/\/www.aluron.pl\/wp-content\/uploads\/2024\/03\/Logo-aluron.svg","contentUrl":"https:\/\/www.aluron.pl\/wp-content\/uploads\/2024\/03\/Logo-aluron.svg","width":146,"height":40,"caption":"Aluron - Producent System\u00f3w Aluminiowych"},"image":{"@id":"https:\/\/www.aluron.pl\/#\/schema\/logo\/image\/"}},{"@type":"Person","@id":"https:\/\/www.aluron.pl\/#\/schema\/person\/129ea6c75169a5d685f95d07c274b2ef","name":"empressia","sameAs":["https:\/\/www.aluron.pl"]}]}},"acf":[],"gutenberg_blocks":[{"blockName":"custom-styles","attrs":{"styles":""}}],"meta_data":false,"featured_image":{"url":"https:\/\/www.aluron.pl\/wp-content\/uploads\/2023\/11\/OFS_2023-353-e1722345832976-1024x500.jpg"},"main_category":{"name":"Wydarzenia"},"prev_page":{"slug":"nowe-raporty-klasyfikacyjne-dla-systemu-drzwi-przeciwpozarowych-as-75ei"},"next_page":{"slug":"certyfikat-epd-typu-iii-dla-systemow-fasadowych-i-okienno-drzwiowych-aluronu"},"_links":{"self":[{"href":"https:\/\/www.aluron.pl\/index.php\/wp-json\/wp\/v2\/posts\/2923","targetHints":{"allow":["GET"]}}],"collection":[{"href":"https:\/\/www.aluron.pl\/index.php\/wp-json\/wp\/v2\/posts"}],"about":[{"href":"https:\/\/www.aluron.pl\/index.php\/wp-json\/wp\/v2\/types\/post"}],"author":[{"embeddable":true,"href":"https:\/\/www.aluron.pl\/index.php\/wp-json\/wp\/v2\/users\/1"}],"replies":[{"embeddable":true,"href":"https:\/\/www.aluron.pl\/index.php\/wp-json\/wp\/v2\/comments?post=2923"}],"version-history":[{"count":3,"href":"https:\/\/www.aluron.pl\/index.php\/wp-json\/wp\/v2\/posts\/2923\/revisions"}],"predecessor-version":[{"id":7350,"href":"https:\/\/www.aluron.pl\/index.php\/wp-json\/wp\/v2\/posts\/2923\/revisions\/7350"}],"wp:featuredmedia":[{"embeddable":true,"href":"https:\/\/www.aluron.pl\/index.php\/wp-json\/wp\/v2\/media\/7348"}],"wp:attachment":[{"href":"https:\/\/www.aluron.pl\/index.php\/wp-json\/wp\/v2\/media?parent=2923"}],"wp:term":[{"taxonomy":"category","embeddable":true,"href":"https:\/\/www.aluron.pl\/index.php\/wp-json\/wp\/v2\/categories?post=2923"},{"taxonomy":"post_tag","embeddable":true,"href":"https:\/\/www.aluron.pl\/index.php\/wp-json\/wp\/v2\/tags?post=2923"}],"curies":[{"name":"wp","href":"https:\/\/api.w.org\/{rel}","templated":true}]}}