{"id":2938,"date":"2024-04-19T00:00:00","date_gmt":"2024-04-18T22:00:00","guid":{"rendered":"http:\/\/localhost\/zakonczylismy-ii-edycje-spotkan-aluron-alu-meeting\/"},"modified":"2024-07-30T14:23:23","modified_gmt":"2024-07-30T12:23:23","slug":"zakonczylismy-ii-edycje-spotkan-aluron-alu-meeting","status":"publish","type":"post","link":"https:\/\/www.aluron.pl\/zakonczylismy-ii-edycje-spotkan-aluron-alu-meeting\/","title":{"rendered":"Zako\u0144czyli\u015bmy II edycj\u0119 spotka\u0144 Aluron ALU-MEETING"},"content":{"rendered":"    \n    <header class=\"space-y-clamp-12 \">\n        \n        <h2 class=\"h4  \">\n                Szkolenie we Wzorcowni Ruchu w \u015awilczy k. Rzeszowa, kt\u00f3re odby\u0142o si\u0119 18.04.2024 r., zako\u0144czy\u0142o drugi cykl spotka\u0144 ALU-MEETING, zainicjowanych w 2023 roku.\n        <\/h2>\n    <\/header>\n\n\n\n<p><br \/>Aluron rozpocz\u0105\u0142 sw\u00f3j rajd po Polsce z ko\u0144cem stycznia bie\u017c\u0105cego roku. W pierwszej kolejno\u015bci przedstawiciele firmy odwiedzili Wielkopolsk\u0119 a nast\u0119pnie udali si\u0119 kolejno na Mazowsze, Pomorze, \u015al\u0105sk, w okolice \u0141odzi, aby zako\u0144czy\u0107 swoje tourne w niewielkiej \u015awilczy w wojew\u00f3dztwie podkarpackim. By\u0142 to zabieg celowy, poniewa\u017c w\u0142a\u015bnie tam, nieca\u0142e 7 kilometr\u00f3w od Rzeszowa zlokalizowana jest Wzorcownia Ruchu. Jest to nowo otwarte, nowoczesne centrum sportu i rozrywki z pierwszym w Polsce ca\u0142kowicie zadaszonym i klimatyzowanym boiskiem certyfikowanym przez FIFA. Stolark\u0119 otworow\u0105 w tym obiekcie wykonano w oparciu o systemy aluminiowe Aluronu.<\/p>\n<p>We wsp\u00f3\u0142organizacj\u0119 tegorocznej edycji ALU-MEETING-\u00f3w zaanga\u017cowa\u0142o si\u0119 a\u017c sze\u015b\u0107 renomowanych firm ze \u015bwiata stolarki otworowej: Wilka Polska sp. z o.o., Fimtec Polska sp. z o.o., Orgadata East Europe sp. z o.o., Maco Polska sp. z o.o., ASSA ABLOY Opening Solution Poland S.A., Fapim Polska sp. z o.o. W trakcie cyklu szkoleniowego do grona wsp\u00f3\u0142organizator\u00f3w do\u0142\u0105czy\u0142a Selena S.A. Dzi\u0119ki temu producenci oraz generalni wykonawcy zyskali mo\u017cliwo\u015b\u0107 udzia\u0142u w pokazach systemu Tytan Wins s\u0142u\u017c\u0105cego do szczelnego monta\u017cu okien. Ogromnym zainteresowaniem cieszy\u0142y si\u0119 prelekcje przygotowane przez ekspert\u00f3w z instytutu badawczego CERTBUD sp. z o.o. na temat certyfikacji drzwi po\u017carowych i wprowadzania ich do obrotu.<\/p>\n\n            <div style=\"height: clamp(1.8rem, 8vw, 2.4rem);\"\n        aria-hidden=\"true\"><\/div>\n\n\n\n<section class=\"video-section not-wysiwyg space-y-clamp-40\" data-video-section>\n  \n  <div class=\"splide\" data-videos-slider>\n    <div class=\"splide__track vertical-slider__nav\">\n      <ul class=\"splide__list\">\n                  \n          <li class=\"splide__slide aspect-video\">\n            \t<div class=\"grid grid-cols-1 size-full\" data-yt-video-component>\n\t\t<div data-iframe-container\n\t\t\tclass=\"row-start-1 col-start-1 w-full [&#038;_iframe]:size-full\">\n\t\t\t\t\t\t\t<iframe loading=\"lazy\" title=\"Aluron ALU-MEETING - Piekary \u015al\u0105skie, 12.03.2024 r.\" width=\"640\" height=\"360\" src=\"https:\/\/www.youtube.com\/embed\/0Dbpe1PXAF8?feature=oembed\" frameborder=\"0\" allow=\"accelerometer; autoplay; clipboard-write; encrypted-media; gyroscope; picture-in-picture; web-share\" referrerpolicy=\"strict-origin-when-cross-origin\" allowfullscreen><\/iframe>\n\t\t\t\t\t<\/div>\n\t\t\t\t\t<div class=\"relative z-10 row-start-1 col-start-1 flex flex-col items-center justify-center cursor-pointer size-full\"\n  aria-label=\"Kliknij, aby w\u0142\u0105czy\u0107 wideo\"\n  data-video-overlay>\n  \n  <div class=\"absolute size-full z-20 group\">\n    <button class=\"absolute top-1\/2 left-1\/2 -translate-x-1\/2 -translate-y-1\/2 flex items-center justify-center rounded-full border-[0.15rem] border-border-neutral-default text-content-white p-clamp-40 group-hover:scale-105 transition duration-300 group-hover:bg-black\/20\"\n      title=\"Kliknij, aby w\u0142\u0105czy\u0107 wideo\">\n      <span class=\"svg-container\"><svg xmlns=\"http:\/\/www.w3.org\/2000\/svg\"\n\twidth=\"24\"\n\theight=\"24\"\n\tviewBox=\"0 0 24 24\"\n\tfill=\"none\">\n\t<path d=\"M8.04074 2.32259C6.70797 1.51044 5 2.46975 5 4.03047V19.9696C5 21.5304 6.70798 22.4897 8.04074 21.6775L21.119 13.7079C22.398 12.9285 22.398 11.0716 21.119 10.2922L8.04074 2.32259Z\"\n\t\tfill=\"currentColor\" \/>\n<\/svg>\n<\/span>\n    <\/button>\n\n          <div class=\"size-full p-clamp-16 flex flex-col justify-end\">\n        <div class=\"py-10 px-clamp-12 bg-content-primary text-content-white divide-x-2 divide-content-white text-14 font-bold space-x-clamp-12 w-fit\">\n          <span>Relacja ze szkolenia Aluron ALU-MEETING 2024 w Piekarach \u015al\u0105skich<\/span>\n          <span class=\"pl-clamp-12\">02:50<\/span>\n        <\/div>\n      <\/div>\n      <\/div>\n<\/div>\n\t\t\t<\/div>\n          <\/li>\n              <\/ul>\n    <\/div>\n  <\/div>\n\n  <\/section>\n\n\n            <div style=\"height: clamp(1.8rem, 8vw, 2.4rem);\"\n        aria-hidden=\"true\"><\/div>\n\n\n    \n    <header class=\"space-y-clamp-12 \">\n        \n        <h2 class=\"h4  \">\n                Organizatorzy o szkoleniach Aluron ALU-MEETING 2024\n        <\/h2>\n    <\/header>\n\n\n\n            <div style=\"height: clamp(1.8rem, 8vw, 2.4rem);\"\n        aria-hidden=\"true\"><\/div>\n\n\n<figure class=\"quote text-content-primary p-clamp-32 not-wysiwyg bg-background-neutral-default relative overflow-hidden\">\n  <div class=\"relative z-10 space-y-clamp-20\">\n    <blockquote class=\"m-0\">\n      <div class=\"wysiwyg text-18 font-medium italic\"><p>ALU-MEETINGI s\u0105 form\u0105 naszej komunikacji z klientem i rynkiem. Dlatego meetingi, poniewa\u017c chcemy w ich trakcie prezentowa\u0107 swoje nowo\u015bci, ale jednocze\u015bnie chcemy s\u0142ucha\u0107 oczekiwa\u0144 rynku oraz szuka\u0107 inspiracji na dalszy rozw\u00f3j. Formu\u0142a coroczna pozwala nam relacjonowa\u0107, co my i nasi partnerzy wdro\u017cyli\u015bmy w tym czasie ciekawego oraz wys\u0142uchiwa\u0107 koncepcji, pomys\u0142\u00f3w, potrzeb rynkowych od naszych partner\u00f3w i klient\u00f3w, aby za rok m\u00f3c si\u0119 pochwali\u0107, jak\u0105 lekcj\u0119 odrobili\u015bmy i co z tych oczekiwa\u0144 mogli\u015bmy zreALU-MEETINGI s\u0105 form\u0105 naszej komunikacji z klientem i rynkiem. Dlatego meetingi, poniewa\u017c chcemy w ich trakcie prezentowa\u0107 swoje nowo\u015bci, ale jednocze\u015bnie chcemy s\u0142ucha\u0107 oczekiwa\u0144 rynku oraz szuka\u0107 inspiracji na dalszy rozw\u00f3j. Formu\u0142a coroczna pozwala nam relacjonowa\u0107, co my i nasi partnerzy wdro\u017cyli\u015bmy w tym czasie ciekawego oraz wys\u0142uchiwa\u0107 koncepcji, pomys\u0142\u00f3w, potrzeb rynkowych od naszych partner\u00f3w i klient\u00f3w, aby za rok m\u00f3c si\u0119 pochwali\u0107, jak\u0105 lekcj\u0119 odrobili\u015bmy i co z tych oczekiwa\u0144 mogli\u015bmy zrealizowa\u0107.<\/p>\n<\/div>\n    <\/blockquote>\n    <figcaption class=\"text-16 font-bold\">Kryspin Baran, CEO w Aluron<\/figcaption>\n  <\/div>\n\n  <span class=\"svg-container absolute bottom-0 right-24 text-background-neutral-surface-1 opacity-70 max-h-[9.6rem] [&#038;_svg]:max-h-[inherit]\">\n    <svg xmlns=\"http:\/\/www.w3.org\/2000\/svg\"\n  width=\"145\"\n  height=\"97\"\n  viewBox=\"0 0 145 97\"\n  fill=\"none\">\n  <g opacity=\"0.7\">\n    <path d=\"M23.2178 132.915C13.7809 117.578 9.0625 102.103 9.0625 86.4888C9.0625 72.6714 12.5319 59.4758 19.4708 46.9019C26.5485 34.1899 36.7486 22.5833 50.0713 12.082L66.1001 21.8233C67.4879 22.6523 68.4593 23.6887 69.0144 24.9322C69.5695 26.0376 69.8471 27.143 69.8471 28.2484C69.8471 29.492 69.5695 30.6665 69.0144 31.7719C68.4593 32.8773 67.8348 33.8445 67.1409 34.6735C65.3368 36.7461 63.3939 39.1642 61.3123 41.9277C59.3694 44.6912 57.5653 47.731 55.8999 51.0471C54.2346 54.2252 52.8468 57.7486 51.7366 61.6175C50.6264 65.4864 50.0713 69.6316 50.0713 74.0532C50.0713 78.7511 50.8346 83.7944 52.3611 89.1832C53.8877 94.4339 56.455 99.9608 60.0633 105.764C61.3123 107.699 61.9368 109.633 61.9368 111.567C61.9368 115.989 59.4388 119.098 54.4428 120.894L23.2178 132.915ZM92.3291 132.915C82.8922 117.578 78.1737 102.103 78.1737 86.4888C78.1737 72.6714 81.6432 59.4758 88.5821 46.9019C95.6597 34.1899 105.86 22.5833 119.183 12.082L135.211 21.8233C136.599 22.6523 137.571 23.6887 138.126 24.9322C138.681 26.0376 138.958 27.143 138.958 28.2484C138.958 29.492 138.681 30.6665 138.126 31.7719C137.571 32.8773 136.946 33.8445 136.252 34.6735C134.448 36.7461 132.505 39.1642 130.424 41.9277C128.481 44.6912 126.677 47.731 125.011 51.0471C123.346 54.2252 121.958 57.7486 120.848 61.6175C119.738 65.4864 119.183 69.6316 119.183 74.0532C119.183 78.7511 119.946 83.7944 121.472 89.1832C122.999 94.4339 125.566 99.9608 129.174 105.764C130.424 107.699 131.048 109.633 131.048 111.567C131.048 115.989 128.55 119.098 123.554 120.894L92.3291 132.915Z\"\n      fill=\"currentColor\" \/>\n  <\/g>\n<\/svg>\n\n  <\/span>\n<\/figure>\n\n\n            <div style=\"height: clamp(1.2rem, 8vw, 2.4rem);\"\n        aria-hidden=\"true\"><\/div>\n\n\n<figure class=\"quote text-content-primary p-clamp-32 not-wysiwyg bg-background-neutral-default relative overflow-hidden\">\n  <div class=\"relative z-10 space-y-clamp-20\">\n    <blockquote class=\"m-0\">\n      <div class=\"wysiwyg text-18 font-medium italic\"><p>Tegoroczna edycja Aluron Alu-Meeting by\u0142a doskona\u0142\u0105 okazj\u0105 do podzielenia si\u0119 z Klientami Aluronu informacjami na temat nowo\u015bci i kierunk\u00f3w, w kt\u00f3rych rozwija si\u0119 nasz program. Podobnie jak w poprzedniej edycji, tak r\u00f3wnie\u017c i tym razem nasze prezentacje cieszy\u0142y si\u0119 du\u017cym zainteresowaniem, a rozmowy w kuluarach by\u0142y doskona\u0142\u0105 okazj\u0105 do spotkania i bezpo\u015bredniej rozmowy. Us\u0142yszeli\u015bmy wiele cennych uwag, ale te\u017c poznali\u015bmy naszych nowych u\u017cytkownik\u00f3w programu LogiKal.<\/p>\n<\/div>\n    <\/blockquote>\n    <figcaption class=\"text-16 font-bold\">Mariusz Megier, dyrektor zarz\u0105dzaj\u0105cy w Orgadata East Europe sp. z o.o.<\/figcaption>\n  <\/div>\n\n  <span class=\"svg-container absolute bottom-0 right-24 text-background-neutral-surface-1 opacity-70 max-h-[9.6rem] [&#038;_svg]:max-h-[inherit]\">\n    <svg xmlns=\"http:\/\/www.w3.org\/2000\/svg\"\n  width=\"145\"\n  height=\"97\"\n  viewBox=\"0 0 145 97\"\n  fill=\"none\">\n  <g opacity=\"0.7\">\n    <path d=\"M23.2178 132.915C13.7809 117.578 9.0625 102.103 9.0625 86.4888C9.0625 72.6714 12.5319 59.4758 19.4708 46.9019C26.5485 34.1899 36.7486 22.5833 50.0713 12.082L66.1001 21.8233C67.4879 22.6523 68.4593 23.6887 69.0144 24.9322C69.5695 26.0376 69.8471 27.143 69.8471 28.2484C69.8471 29.492 69.5695 30.6665 69.0144 31.7719C68.4593 32.8773 67.8348 33.8445 67.1409 34.6735C65.3368 36.7461 63.3939 39.1642 61.3123 41.9277C59.3694 44.6912 57.5653 47.731 55.8999 51.0471C54.2346 54.2252 52.8468 57.7486 51.7366 61.6175C50.6264 65.4864 50.0713 69.6316 50.0713 74.0532C50.0713 78.7511 50.8346 83.7944 52.3611 89.1832C53.8877 94.4339 56.455 99.9608 60.0633 105.764C61.3123 107.699 61.9368 109.633 61.9368 111.567C61.9368 115.989 59.4388 119.098 54.4428 120.894L23.2178 132.915ZM92.3291 132.915C82.8922 117.578 78.1737 102.103 78.1737 86.4888C78.1737 72.6714 81.6432 59.4758 88.5821 46.9019C95.6597 34.1899 105.86 22.5833 119.183 12.082L135.211 21.8233C136.599 22.6523 137.571 23.6887 138.126 24.9322C138.681 26.0376 138.958 27.143 138.958 28.2484C138.958 29.492 138.681 30.6665 138.126 31.7719C137.571 32.8773 136.946 33.8445 136.252 34.6735C134.448 36.7461 132.505 39.1642 130.424 41.9277C128.481 44.6912 126.677 47.731 125.011 51.0471C123.346 54.2252 121.958 57.7486 120.848 61.6175C119.738 65.4864 119.183 69.6316 119.183 74.0532C119.183 78.7511 119.946 83.7944 121.472 89.1832C122.999 94.4339 125.566 99.9608 129.174 105.764C130.424 107.699 131.048 109.633 131.048 111.567C131.048 115.989 128.55 119.098 123.554 120.894L92.3291 132.915Z\"\n      fill=\"currentColor\" \/>\n  <\/g>\n<\/svg>\n\n  <\/span>\n<\/figure>\n\n\n            <div style=\"height: clamp(1.2rem, 8vw, 2.4rem);\"\n        aria-hidden=\"true\"><\/div>\n\n\n<figure class=\"quote text-content-primary p-clamp-32 not-wysiwyg bg-background-neutral-default relative overflow-hidden\">\n  <div class=\"relative z-10 space-y-clamp-20\">\n    <blockquote class=\"m-0\">\n      <div class=\"wysiwyg text-18 font-medium italic\"><p>Uczestnictwo w kolejnej ju\u017c edycji szkole\u0144 Alu -Meeting organizowanej przez firm\u0119 Aluron, pozwoli\u0142o nam na przedstawienie najnowszych urz\u0105dze\u0144 i rozwi\u0105za\u0144 technologicznych dost\u0119pnych w naszej ofercie. Jest to doskona\u0142a forma prezentacji naszej firmy, dost\u0119pnych produkt\u00f3w, us\u0142ug serwisowych oraz wsparcia, jakie oferujemy dla obecnych i potencjalnych klient\u00f3w. (\u2026) Dzi\u0119kujemy firmie Aluron za mo\u017cliwo\u015b\u0107 uczestnictwa w cyklu szkole\u0144. Ju\u017c nie mo\u017cemy si\u0119 doczeka\u0107 kolejnej edycji, kt\u00f3rej z pewno\u015bci\u0105 nie przegapimy. Wielkie brawa dla ca\u0142ego zespo\u0142u za podej\u015bcie i profesjonalizm.<\/p>\n<\/div>\n    <\/blockquote>\n    <figcaption class=\"text-16 font-bold\">Rafa\u0142 Czerwi\u0144ski, dyrektor handlowy w Fimtec Polska sp. z o.o.<\/figcaption>\n  <\/div>\n\n  <span class=\"svg-container absolute bottom-0 right-24 text-background-neutral-surface-1 opacity-70 max-h-[9.6rem] [&#038;_svg]:max-h-[inherit]\">\n    <svg xmlns=\"http:\/\/www.w3.org\/2000\/svg\"\n  width=\"145\"\n  height=\"97\"\n  viewBox=\"0 0 145 97\"\n  fill=\"none\">\n  <g opacity=\"0.7\">\n    <path d=\"M23.2178 132.915C13.7809 117.578 9.0625 102.103 9.0625 86.4888C9.0625 72.6714 12.5319 59.4758 19.4708 46.9019C26.5485 34.1899 36.7486 22.5833 50.0713 12.082L66.1001 21.8233C67.4879 22.6523 68.4593 23.6887 69.0144 24.9322C69.5695 26.0376 69.8471 27.143 69.8471 28.2484C69.8471 29.492 69.5695 30.6665 69.0144 31.7719C68.4593 32.8773 67.8348 33.8445 67.1409 34.6735C65.3368 36.7461 63.3939 39.1642 61.3123 41.9277C59.3694 44.6912 57.5653 47.731 55.8999 51.0471C54.2346 54.2252 52.8468 57.7486 51.7366 61.6175C50.6264 65.4864 50.0713 69.6316 50.0713 74.0532C50.0713 78.7511 50.8346 83.7944 52.3611 89.1832C53.8877 94.4339 56.455 99.9608 60.0633 105.764C61.3123 107.699 61.9368 109.633 61.9368 111.567C61.9368 115.989 59.4388 119.098 54.4428 120.894L23.2178 132.915ZM92.3291 132.915C82.8922 117.578 78.1737 102.103 78.1737 86.4888C78.1737 72.6714 81.6432 59.4758 88.5821 46.9019C95.6597 34.1899 105.86 22.5833 119.183 12.082L135.211 21.8233C136.599 22.6523 137.571 23.6887 138.126 24.9322C138.681 26.0376 138.958 27.143 138.958 28.2484C138.958 29.492 138.681 30.6665 138.126 31.7719C137.571 32.8773 136.946 33.8445 136.252 34.6735C134.448 36.7461 132.505 39.1642 130.424 41.9277C128.481 44.6912 126.677 47.731 125.011 51.0471C123.346 54.2252 121.958 57.7486 120.848 61.6175C119.738 65.4864 119.183 69.6316 119.183 74.0532C119.183 78.7511 119.946 83.7944 121.472 89.1832C122.999 94.4339 125.566 99.9608 129.174 105.764C130.424 107.699 131.048 109.633 131.048 111.567C131.048 115.989 128.55 119.098 123.554 120.894L92.3291 132.915Z\"\n      fill=\"currentColor\" \/>\n  <\/g>\n<\/svg>\n\n  <\/span>\n<\/figure>\n\n\n            <div style=\"height: clamp(1.2rem, 8vw, 2.4rem);\"\n        aria-hidden=\"true\"><\/div>\n\n\n<figure class=\"quote text-content-primary p-clamp-32 not-wysiwyg bg-background-neutral-default relative overflow-hidden\">\n  <div class=\"relative z-10 space-y-clamp-20\">\n    <blockquote class=\"m-0\">\n      <div class=\"wysiwyg text-18 font-medium italic\"><p>MACO Polska zdecydowa\u0142o si\u0119 do\u0142\u0105czy\u0107 do ALU-MEETING\u00d3W przede wszystkim z uwagi na wiod\u0105c\u0105 pozycj\u0119 firmy Aluron w\u015br\u00f3d dostawc\u00f3w system\u00f3w aluminiowych oraz bardzo widoczne dzia\u0142ania marketingowe skierowane do producent\u00f3w. Poniewa\u017c od pewnego czasu rozwijamy wsp\u00f3\u0142prac\u0119 w zakresie system\u00f3w okiennych i podnoszono-przesuwnych, niezwykle istotna dla nas by\u0142a mo\u017cliwo\u015b\u0107 zaprezentowania ich klientom firmy Aluron. Nawi\u0105zali\u015bmy szereg ciekawych znajomo\u015bci, odbyli\u015bmy dziesi\u0105tki interesuj\u0105cych rozm\u00f3w &#8211; by\u0142o warto! Dobra organizacja, ciekawy przebieg spotka\u0144 oraz bardzo pozytywny feedback to dla nas ogromna zach\u0119ta do kontynuowania tej wsp\u00f3\u0142pracy.<\/p>\n<\/div>\n    <\/blockquote>\n    <figcaption class=\"text-16 font-bold\">Grzegorz Bu\u0142at, dyrektor regionalny ds. sprzeda\u017cy w MACO Polska sp. z o.o.<\/figcaption>\n  <\/div>\n\n  <span class=\"svg-container absolute bottom-0 right-24 text-background-neutral-surface-1 opacity-70 max-h-[9.6rem] [&#038;_svg]:max-h-[inherit]\">\n    <svg xmlns=\"http:\/\/www.w3.org\/2000\/svg\"\n  width=\"145\"\n  height=\"97\"\n  viewBox=\"0 0 145 97\"\n  fill=\"none\">\n  <g opacity=\"0.7\">\n    <path d=\"M23.2178 132.915C13.7809 117.578 9.0625 102.103 9.0625 86.4888C9.0625 72.6714 12.5319 59.4758 19.4708 46.9019C26.5485 34.1899 36.7486 22.5833 50.0713 12.082L66.1001 21.8233C67.4879 22.6523 68.4593 23.6887 69.0144 24.9322C69.5695 26.0376 69.8471 27.143 69.8471 28.2484C69.8471 29.492 69.5695 30.6665 69.0144 31.7719C68.4593 32.8773 67.8348 33.8445 67.1409 34.6735C65.3368 36.7461 63.3939 39.1642 61.3123 41.9277C59.3694 44.6912 57.5653 47.731 55.8999 51.0471C54.2346 54.2252 52.8468 57.7486 51.7366 61.6175C50.6264 65.4864 50.0713 69.6316 50.0713 74.0532C50.0713 78.7511 50.8346 83.7944 52.3611 89.1832C53.8877 94.4339 56.455 99.9608 60.0633 105.764C61.3123 107.699 61.9368 109.633 61.9368 111.567C61.9368 115.989 59.4388 119.098 54.4428 120.894L23.2178 132.915ZM92.3291 132.915C82.8922 117.578 78.1737 102.103 78.1737 86.4888C78.1737 72.6714 81.6432 59.4758 88.5821 46.9019C95.6597 34.1899 105.86 22.5833 119.183 12.082L135.211 21.8233C136.599 22.6523 137.571 23.6887 138.126 24.9322C138.681 26.0376 138.958 27.143 138.958 28.2484C138.958 29.492 138.681 30.6665 138.126 31.7719C137.571 32.8773 136.946 33.8445 136.252 34.6735C134.448 36.7461 132.505 39.1642 130.424 41.9277C128.481 44.6912 126.677 47.731 125.011 51.0471C123.346 54.2252 121.958 57.7486 120.848 61.6175C119.738 65.4864 119.183 69.6316 119.183 74.0532C119.183 78.7511 119.946 83.7944 121.472 89.1832C122.999 94.4339 125.566 99.9608 129.174 105.764C130.424 107.699 131.048 109.633 131.048 111.567C131.048 115.989 128.55 119.098 123.554 120.894L92.3291 132.915Z\"\n      fill=\"currentColor\" \/>\n  <\/g>\n<\/svg>\n\n  <\/span>\n<\/figure>\n\n\n            <div style=\"height: clamp(1.2rem, 8vw, 2.4rem);\"\n        aria-hidden=\"true\"><\/div>\n\n\n<figure class=\"quote text-content-primary p-clamp-32 not-wysiwyg bg-background-neutral-default relative overflow-hidden\">\n  <div class=\"relative z-10 space-y-clamp-20\">\n    <blockquote class=\"m-0\">\n      <div class=\"wysiwyg text-18 font-medium italic\"><p>Dzi\u0119kujemy za mo\u017cliwo\u015b\u0107 wzi\u0119cia udzia\u0142u w spotkaniach szkoleniowych ALU-MEETING organizowanych przez firm\u0119 ALURON. Uzyskali\u015bmy mo\u017cliwo\u015b\u0107 szerszego zaprezentowania oferty produktowej ASSA ABLOY oraz os\u00f3b pracuj\u0105cych w regionie. Z kolei bezpo\u015brednie, lu\u017ane rozmowy z klientami spotyka\u0142y si\u0119 ze zwrotn\u0105 interakcj\u0105 tak w trakcie, jak i po spotkaniach. Udzia\u0142 w konferencjach da\u0142 nam mo\u017cliwo\u015b\u0107 nawi\u0105zania relacji z pracownikami organizatora, jak r\u00f3wnie\u017c zapoznania si\u0119 z klientami. Poznali\u015bmy produkty oraz rozwi\u0105zania systemowe firmy ALURON. Kierunek, w jakim pod\u0105\u017ca, wygl\u0105da bardzo obiecuj\u0105co w perspektywie dalszego rozwoju na rynku system\u00f3w aluminiowych.<\/p>\n<\/div>\n    <\/blockquote>\n    <figcaption class=\"text-16 font-bold\">Marzena Krzewi\u0144ska, Business Unit Manager OEM w Assa Abloy Opening Solution Poland S.A.<\/figcaption>\n  <\/div>\n\n  <span class=\"svg-container absolute bottom-0 right-24 text-background-neutral-surface-1 opacity-70 max-h-[9.6rem] [&#038;_svg]:max-h-[inherit]\">\n    <svg xmlns=\"http:\/\/www.w3.org\/2000\/svg\"\n  width=\"145\"\n  height=\"97\"\n  viewBox=\"0 0 145 97\"\n  fill=\"none\">\n  <g opacity=\"0.7\">\n    <path d=\"M23.2178 132.915C13.7809 117.578 9.0625 102.103 9.0625 86.4888C9.0625 72.6714 12.5319 59.4758 19.4708 46.9019C26.5485 34.1899 36.7486 22.5833 50.0713 12.082L66.1001 21.8233C67.4879 22.6523 68.4593 23.6887 69.0144 24.9322C69.5695 26.0376 69.8471 27.143 69.8471 28.2484C69.8471 29.492 69.5695 30.6665 69.0144 31.7719C68.4593 32.8773 67.8348 33.8445 67.1409 34.6735C65.3368 36.7461 63.3939 39.1642 61.3123 41.9277C59.3694 44.6912 57.5653 47.731 55.8999 51.0471C54.2346 54.2252 52.8468 57.7486 51.7366 61.6175C50.6264 65.4864 50.0713 69.6316 50.0713 74.0532C50.0713 78.7511 50.8346 83.7944 52.3611 89.1832C53.8877 94.4339 56.455 99.9608 60.0633 105.764C61.3123 107.699 61.9368 109.633 61.9368 111.567C61.9368 115.989 59.4388 119.098 54.4428 120.894L23.2178 132.915ZM92.3291 132.915C82.8922 117.578 78.1737 102.103 78.1737 86.4888C78.1737 72.6714 81.6432 59.4758 88.5821 46.9019C95.6597 34.1899 105.86 22.5833 119.183 12.082L135.211 21.8233C136.599 22.6523 137.571 23.6887 138.126 24.9322C138.681 26.0376 138.958 27.143 138.958 28.2484C138.958 29.492 138.681 30.6665 138.126 31.7719C137.571 32.8773 136.946 33.8445 136.252 34.6735C134.448 36.7461 132.505 39.1642 130.424 41.9277C128.481 44.6912 126.677 47.731 125.011 51.0471C123.346 54.2252 121.958 57.7486 120.848 61.6175C119.738 65.4864 119.183 69.6316 119.183 74.0532C119.183 78.7511 119.946 83.7944 121.472 89.1832C122.999 94.4339 125.566 99.9608 129.174 105.764C130.424 107.699 131.048 109.633 131.048 111.567C131.048 115.989 128.55 119.098 123.554 120.894L92.3291 132.915Z\"\n      fill=\"currentColor\" \/>\n  <\/g>\n<\/svg>\n\n  <\/span>\n<\/figure>\n","protected":false},"excerpt":"Aluron rozpocz\u0105\u0142 sw\u00f3j rajd po Polsce z ko\u0144cem stycznia bie\u017c\u0105cego roku. W pierwszej kolejno\u015bci przedstawiciele firmy odwiedzili Wielkopolsk\u0119 a nast\u0119pnie udali si\u0119 kolejno na Mazowsze, Pomorze, \u015al\u0105sk, w okolice \u0141odzi, aby zako\u0144czy\u0107 swoje tourne w niewielkiej \u015awilczy w wojew\u00f3dztwie podkarpackim. By\u0142 to zabieg celowy, poniewa\u017c w\u0142a\u015bnie tam, nieca\u0142e 7 kilometr\u00f3w od Rzeszowa zlokalizowana jest Wzorcownia [&hellip;]","author":1,"featured_media":7313,"comment_status":"closed","ping_status":"open","sticky":false,"template":"","format":"standard","meta":{"inline_featured_image":false,"footnotes":""},"categories":[17],"tags":[],"class_list":["post-2938","post","type-post","status-publish","format-standard","has-post-thumbnail","hentry","category-wydarzenia"],"yoast_head":"<!-- This site is optimized with the Yoast SEO plugin v27.1.1 - https:\/\/yoast.com\/product\/yoast-seo-wordpress\/ -->\n<title>Zako\u0144czyli\u015bmy II edycj\u0119 spotka\u0144 Aluron ALU-MEETING - Aluron<\/title>\n<meta name=\"robots\" content=\"index, follow, max-snippet:-1, max-image-preview:large, max-video-preview:-1\" \/>\n<link rel=\"canonical\" href=\"https:\/\/www.aluron.pl\/zakonczylismy-ii-edycje-spotkan-aluron-alu-meeting\/\" \/>\n<meta property=\"og:locale\" content=\"pl_PL\" \/>\n<meta property=\"og:type\" content=\"article\" \/>\n<meta property=\"og:title\" content=\"Zako\u0144czyli\u015bmy II edycj\u0119 spotka\u0144 Aluron ALU-MEETING - Aluron\" \/>\n<meta property=\"og:description\" content=\"Aluron rozpocz\u0105\u0142 sw\u00f3j rajd po Polsce z ko\u0144cem stycznia bie\u017c\u0105cego roku. W pierwszej kolejno\u015bci przedstawiciele firmy odwiedzili Wielkopolsk\u0119 a nast\u0119pnie udali si\u0119 kolejno na Mazowsze, Pomorze, \u015al\u0105sk, w okolice \u0141odzi, aby zako\u0144czy\u0107 swoje tourne w niewielkiej \u015awilczy w wojew\u00f3dztwie podkarpackim. By\u0142 to zabieg celowy, poniewa\u017c w\u0142a\u015bnie tam, nieca\u0142e 7 kilometr\u00f3w od Rzeszowa zlokalizowana jest Wzorcownia [&hellip;]\" \/>\n<meta property=\"og:url\" content=\"https:\/\/www.aluron.pl\/zakonczylismy-ii-edycje-spotkan-aluron-alu-meeting\/\" \/>\n<meta property=\"og:site_name\" content=\"Aluron\" \/>\n<meta property=\"article:published_time\" content=\"2024-04-18T22:00:00+00:00\" \/>\n<meta property=\"article:modified_time\" content=\"2024-07-30T12:23:23+00:00\" \/>\n<meta property=\"og:image\" content=\"https:\/\/www.aluron.pl\/wp-content\/uploads\/2024\/04\/IMG_20240311_201245.jpg\" \/>\n\t<meta property=\"og:image:width\" content=\"1920\" \/>\n\t<meta property=\"og:image:height\" content=\"864\" \/>\n\t<meta property=\"og:image:type\" content=\"image\/jpeg\" \/>\n<meta name=\"author\" content=\"empressia\" \/>\n<meta name=\"twitter:card\" content=\"summary_large_image\" \/>\n<meta name=\"twitter:label1\" content=\"Napisane przez\" \/>\n\t<meta name=\"twitter:data1\" content=\"empressia\" \/>\n\t<meta name=\"twitter:label2\" content=\"Szacowany czas czytania\" \/>\n\t<meta name=\"twitter:data2\" content=\"2 minuty\" \/>\n<script type=\"application\/ld+json\" class=\"yoast-schema-graph\">{\"@context\":\"https:\/\/schema.org\",\"@graph\":[{\"@type\":\"Article\",\"@id\":\"https:\/\/www.aluron.pl\/zakonczylismy-ii-edycje-spotkan-aluron-alu-meeting\/#article\",\"isPartOf\":{\"@id\":\"https:\/\/www.aluron.pl\/zakonczylismy-ii-edycje-spotkan-aluron-alu-meeting\/\"},\"author\":{\"name\":\"empressia\",\"@id\":\"https:\/\/www.aluron.pl\/#\/schema\/person\/129ea6c75169a5d685f95d07c274b2ef\"},\"headline\":\"Zako\u0144czyli\u015bmy II edycj\u0119 spotka\u0144 Aluron ALU-MEETING\",\"datePublished\":\"2024-04-18T22:00:00+00:00\",\"dateModified\":\"2024-07-30T12:23:23+00:00\",\"mainEntityOfPage\":{\"@id\":\"https:\/\/www.aluron.pl\/zakonczylismy-ii-edycje-spotkan-aluron-alu-meeting\/\"},\"wordCount\":235,\"publisher\":{\"@id\":\"https:\/\/www.aluron.pl\/#organization\"},\"image\":{\"@id\":\"https:\/\/www.aluron.pl\/zakonczylismy-ii-edycje-spotkan-aluron-alu-meeting\/#primaryimage\"},\"thumbnailUrl\":\"https:\/\/www.aluron.pl\/wp-content\/uploads\/2024\/04\/IMG_20240311_201245.jpg\",\"articleSection\":[\"Wydarzenia\"],\"inLanguage\":\"pl-PL\"},{\"@type\":\"WebPage\",\"@id\":\"https:\/\/www.aluron.pl\/zakonczylismy-ii-edycje-spotkan-aluron-alu-meeting\/\",\"url\":\"https:\/\/www.aluron.pl\/zakonczylismy-ii-edycje-spotkan-aluron-alu-meeting\/\",\"name\":\"Zako\u0144czyli\u015bmy II edycj\u0119 spotka\u0144 Aluron ALU-MEETING - Aluron\",\"isPartOf\":{\"@id\":\"https:\/\/www.aluron.pl\/#website\"},\"primaryImageOfPage\":{\"@id\":\"https:\/\/www.aluron.pl\/zakonczylismy-ii-edycje-spotkan-aluron-alu-meeting\/#primaryimage\"},\"image\":{\"@id\":\"https:\/\/www.aluron.pl\/zakonczylismy-ii-edycje-spotkan-aluron-alu-meeting\/#primaryimage\"},\"thumbnailUrl\":\"https:\/\/www.aluron.pl\/wp-content\/uploads\/2024\/04\/IMG_20240311_201245.jpg\",\"datePublished\":\"2024-04-18T22:00:00+00:00\",\"dateModified\":\"2024-07-30T12:23:23+00:00\",\"breadcrumb\":{\"@id\":\"https:\/\/www.aluron.pl\/zakonczylismy-ii-edycje-spotkan-aluron-alu-meeting\/#breadcrumb\"},\"inLanguage\":\"pl-PL\",\"potentialAction\":[{\"@type\":\"ReadAction\",\"target\":[\"https:\/\/www.aluron.pl\/zakonczylismy-ii-edycje-spotkan-aluron-alu-meeting\/\"]}]},{\"@type\":\"ImageObject\",\"inLanguage\":\"pl-PL\",\"@id\":\"https:\/\/www.aluron.pl\/zakonczylismy-ii-edycje-spotkan-aluron-alu-meeting\/#primaryimage\",\"url\":\"https:\/\/www.aluron.pl\/wp-content\/uploads\/2024\/04\/IMG_20240311_201245.jpg\",\"contentUrl\":\"https:\/\/www.aluron.pl\/wp-content\/uploads\/2024\/04\/IMG_20240311_201245.jpg\",\"width\":1920,\"height\":864,\"caption\":\"Aluron ALU-MEETING 2025\"},{\"@type\":\"BreadcrumbList\",\"@id\":\"https:\/\/www.aluron.pl\/zakonczylismy-ii-edycje-spotkan-aluron-alu-meeting\/#breadcrumb\",\"itemListElement\":[{\"@type\":\"ListItem\",\"position\":1,\"name\":\"Aluron\",\"item\":\"https:\/\/www.aluron.pl\/\"},{\"@type\":\"ListItem\",\"position\":2,\"name\":\"Zako\u0144czyli\u015bmy II&nbsp;edycj\u0119 spotka\u0144 Aluron ALU-MEETING\"}]},{\"@type\":\"WebSite\",\"@id\":\"https:\/\/www.aluron.pl\/#website\",\"url\":\"https:\/\/www.aluron.pl\/\",\"name\":\"Aluron\",\"description\":\"\",\"publisher\":{\"@id\":\"https:\/\/www.aluron.pl\/#organization\"},\"potentialAction\":[{\"@type\":\"SearchAction\",\"target\":{\"@type\":\"EntryPoint\",\"urlTemplate\":\"https:\/\/www.aluron.pl\/?s={search_term_string}\"},\"query-input\":{\"@type\":\"PropertyValueSpecification\",\"valueRequired\":true,\"valueName\":\"search_term_string\"}}],\"inLanguage\":\"pl-PL\"},{\"@type\":\"Organization\",\"@id\":\"https:\/\/www.aluron.pl\/#organization\",\"name\":\"Aluron - Producent System\u00f3w Aluminiowych\",\"url\":\"https:\/\/www.aluron.pl\/\",\"logo\":{\"@type\":\"ImageObject\",\"inLanguage\":\"pl-PL\",\"@id\":\"https:\/\/www.aluron.pl\/#\/schema\/logo\/image\/\",\"url\":\"https:\/\/www.aluron.pl\/wp-content\/uploads\/2024\/03\/Logo-aluron.svg\",\"contentUrl\":\"https:\/\/www.aluron.pl\/wp-content\/uploads\/2024\/03\/Logo-aluron.svg\",\"width\":146,\"height\":40,\"caption\":\"Aluron - Producent System\u00f3w Aluminiowych\"},\"image\":{\"@id\":\"https:\/\/www.aluron.pl\/#\/schema\/logo\/image\/\"}},{\"@type\":\"Person\",\"@id\":\"https:\/\/www.aluron.pl\/#\/schema\/person\/129ea6c75169a5d685f95d07c274b2ef\",\"name\":\"empressia\",\"sameAs\":[\"https:\/\/www.aluron.pl\"]}]}<\/script>\n<!-- \/ Yoast SEO plugin. -->","yoast_head_json":{"title":"Zako\u0144czyli\u015bmy II edycj\u0119 spotka\u0144 Aluron ALU-MEETING - Aluron","robots":{"index":"index","follow":"follow","max-snippet":"max-snippet:-1","max-image-preview":"max-image-preview:large","max-video-preview":"max-video-preview:-1"},"canonical":"https:\/\/www.aluron.pl\/zakonczylismy-ii-edycje-spotkan-aluron-alu-meeting\/","og_locale":"pl_PL","og_type":"article","og_title":"Zako\u0144czyli\u015bmy II edycj\u0119 spotka\u0144 Aluron ALU-MEETING - Aluron","og_description":"Aluron rozpocz\u0105\u0142 sw\u00f3j rajd po Polsce z ko\u0144cem stycznia bie\u017c\u0105cego roku. W pierwszej kolejno\u015bci przedstawiciele firmy odwiedzili Wielkopolsk\u0119 a nast\u0119pnie udali si\u0119 kolejno na Mazowsze, Pomorze, \u015al\u0105sk, w okolice \u0141odzi, aby zako\u0144czy\u0107 swoje tourne w niewielkiej \u015awilczy w wojew\u00f3dztwie podkarpackim. By\u0142 to zabieg celowy, poniewa\u017c w\u0142a\u015bnie tam, nieca\u0142e 7 kilometr\u00f3w od Rzeszowa zlokalizowana jest Wzorcownia [&hellip;]","og_url":"https:\/\/www.aluron.pl\/zakonczylismy-ii-edycje-spotkan-aluron-alu-meeting\/","og_site_name":"Aluron","article_published_time":"2024-04-18T22:00:00+00:00","article_modified_time":"2024-07-30T12:23:23+00:00","og_image":[{"width":1920,"height":864,"url":"https:\/\/www.aluron.pl\/wp-content\/uploads\/2024\/04\/IMG_20240311_201245.jpg","type":"image\/jpeg"}],"author":"empressia","twitter_card":"summary_large_image","twitter_misc":{"Napisane przez":"empressia","Szacowany czas czytania":"2 minuty"},"schema":{"@context":"https:\/\/schema.org","@graph":[{"@type":"Article","@id":"https:\/\/www.aluron.pl\/zakonczylismy-ii-edycje-spotkan-aluron-alu-meeting\/#article","isPartOf":{"@id":"https:\/\/www.aluron.pl\/zakonczylismy-ii-edycje-spotkan-aluron-alu-meeting\/"},"author":{"name":"empressia","@id":"https:\/\/www.aluron.pl\/#\/schema\/person\/129ea6c75169a5d685f95d07c274b2ef"},"headline":"Zako\u0144czyli\u015bmy II edycj\u0119 spotka\u0144 Aluron ALU-MEETING","datePublished":"2024-04-18T22:00:00+00:00","dateModified":"2024-07-30T12:23:23+00:00","mainEntityOfPage":{"@id":"https:\/\/www.aluron.pl\/zakonczylismy-ii-edycje-spotkan-aluron-alu-meeting\/"},"wordCount":235,"publisher":{"@id":"https:\/\/www.aluron.pl\/#organization"},"image":{"@id":"https:\/\/www.aluron.pl\/zakonczylismy-ii-edycje-spotkan-aluron-alu-meeting\/#primaryimage"},"thumbnailUrl":"https:\/\/www.aluron.pl\/wp-content\/uploads\/2024\/04\/IMG_20240311_201245.jpg","articleSection":["Wydarzenia"],"inLanguage":"pl-PL"},{"@type":"WebPage","@id":"https:\/\/www.aluron.pl\/zakonczylismy-ii-edycje-spotkan-aluron-alu-meeting\/","url":"https:\/\/www.aluron.pl\/zakonczylismy-ii-edycje-spotkan-aluron-alu-meeting\/","name":"Zako\u0144czyli\u015bmy II edycj\u0119 spotka\u0144 Aluron ALU-MEETING - Aluron","isPartOf":{"@id":"https:\/\/www.aluron.pl\/#website"},"primaryImageOfPage":{"@id":"https:\/\/www.aluron.pl\/zakonczylismy-ii-edycje-spotkan-aluron-alu-meeting\/#primaryimage"},"image":{"@id":"https:\/\/www.aluron.pl\/zakonczylismy-ii-edycje-spotkan-aluron-alu-meeting\/#primaryimage"},"thumbnailUrl":"https:\/\/www.aluron.pl\/wp-content\/uploads\/2024\/04\/IMG_20240311_201245.jpg","datePublished":"2024-04-18T22:00:00+00:00","dateModified":"2024-07-30T12:23:23+00:00","breadcrumb":{"@id":"https:\/\/www.aluron.pl\/zakonczylismy-ii-edycje-spotkan-aluron-alu-meeting\/#breadcrumb"},"inLanguage":"pl-PL","potentialAction":[{"@type":"ReadAction","target":["https:\/\/www.aluron.pl\/zakonczylismy-ii-edycje-spotkan-aluron-alu-meeting\/"]}]},{"@type":"ImageObject","inLanguage":"pl-PL","@id":"https:\/\/www.aluron.pl\/zakonczylismy-ii-edycje-spotkan-aluron-alu-meeting\/#primaryimage","url":"https:\/\/www.aluron.pl\/wp-content\/uploads\/2024\/04\/IMG_20240311_201245.jpg","contentUrl":"https:\/\/www.aluron.pl\/wp-content\/uploads\/2024\/04\/IMG_20240311_201245.jpg","width":1920,"height":864,"caption":"Aluron ALU-MEETING 2025"},{"@type":"BreadcrumbList","@id":"https:\/\/www.aluron.pl\/zakonczylismy-ii-edycje-spotkan-aluron-alu-meeting\/#breadcrumb","itemListElement":[{"@type":"ListItem","position":1,"name":"Aluron","item":"https:\/\/www.aluron.pl\/"},{"@type":"ListItem","position":2,"name":"Zako\u0144czyli\u015bmy II&nbsp;edycj\u0119 spotka\u0144 Aluron ALU-MEETING"}]},{"@type":"WebSite","@id":"https:\/\/www.aluron.pl\/#website","url":"https:\/\/www.aluron.pl\/","name":"Aluron","description":"","publisher":{"@id":"https:\/\/www.aluron.pl\/#organization"},"potentialAction":[{"@type":"SearchAction","target":{"@type":"EntryPoint","urlTemplate":"https:\/\/www.aluron.pl\/?s={search_term_string}"},"query-input":{"@type":"PropertyValueSpecification","valueRequired":true,"valueName":"search_term_string"}}],"inLanguage":"pl-PL"},{"@type":"Organization","@id":"https:\/\/www.aluron.pl\/#organization","name":"Aluron - Producent System\u00f3w Aluminiowych","url":"https:\/\/www.aluron.pl\/","logo":{"@type":"ImageObject","inLanguage":"pl-PL","@id":"https:\/\/www.aluron.pl\/#\/schema\/logo\/image\/","url":"https:\/\/www.aluron.pl\/wp-content\/uploads\/2024\/03\/Logo-aluron.svg","contentUrl":"https:\/\/www.aluron.pl\/wp-content\/uploads\/2024\/03\/Logo-aluron.svg","width":146,"height":40,"caption":"Aluron - Producent System\u00f3w Aluminiowych"},"image":{"@id":"https:\/\/www.aluron.pl\/#\/schema\/logo\/image\/"}},{"@type":"Person","@id":"https:\/\/www.aluron.pl\/#\/schema\/person\/129ea6c75169a5d685f95d07c274b2ef","name":"empressia","sameAs":["https:\/\/www.aluron.pl"]}]}},"acf":[],"gutenberg_blocks":[{"blockName":"custom-styles","attrs":{"styles":""}},{"blockName":"acf\/heading","attrs":{"name":"acf\/heading","data":{"heading_text":"Szkolenie we Wzorcowni Ruchu w \u015awilczy k. Rzeszowa, kt\u00f3re odby\u0142o si\u0119 18.04.2024 r., zako\u0144czy\u0142o drugi cykl spotka\u0144 ALU-MEETING, zainicjowanych w 2023 roku.","_heading_text":"field_638627ccced84","label":"","_label":"field_6603f866b01a2","heading_level":"h2","_heading_level":"field_638627e7ced85","heading_variant":"h4","_heading_variant":"field_63862847ced86","extra_classes":"","_extra_classes":"field_638628eeced88"},"mode":"edit"},"innerBlocks":[],"innerHTML":"","innerContent":[]},{"blockName":"acf\/separator","attrs":{"name":"acf\/separator","data":{"separator_values_min":"18","_separator_values_min":"field_659d1d0e47ee6","separator_values_max":"24","_separator_values_max":"field_659d1d4547ee7","separator_values":"","_separator_values":"field_659d261a7f4e0"},"mode":"edit"},"innerBlocks":[],"innerHTML":"","innerContent":[]},{"blockName":"acf\/video","attrs":{"name":"acf\/video","data":{"heading_heading_text":"","_heading_heading_text":"field_638627ccced84","heading_label":"","_heading_label":"field_6603f866b01a2","heading_heading_level":"h2","_heading_heading_level":"field_638627e7ced85","heading_heading_variant":"default","_heading_heading_variant":"field_63862847ced86","heading_extra_classes":"","_heading_extra_classes":"field_638628eeced88","heading":"","_heading":"field_6605442a9f044","button_title":"","_button_title":"field_61d40397c2f0a","button_button_type":"link","_button_button_type":"field_63bbde3b8f0d0","button_multiple_urls":"0","_button_multiple_urls":"field_665974ebdddb5","button_url":"","_button_url":"field_61d4039bc2f0b","button_icon":"","_button_icon":"field_66017ebcac8a1","button_button_style":"primary","_button_button_style":"field_63872d045d0f0","button_icon_position":"right","_button_icon_position":"field_662fdd112add5","button_arrow":"null","_button_arrow":"field_660545206eb6c","button_target":"_self","_button_target":"field_63872c705d0ef","button_button_extra_classes":"","_button_button_extra_classes":"field_642beab6a97de","button":"","_button":"field_660544539f047","videos_0_video":"https:\/\/youtu.be\/0Dbpe1PXAF8","_videos_0_video":"field_660400b781869","videos_0_thumbnail":"","_videos_0_thumbnail":"field_660400d18186a","videos_0_video_title":"Relacja ze szkolenia Aluron ALU-MEETING 2024 w Piekarach \u015al\u0105skich","_videos_0_video_title":"field_660400f58186b","videos_0_video_duration":"02:50","_videos_0_video_duration":"field_660401078186c","videos":1,"_videos":"field_6604009781867"},"mode":"edit"},"innerBlocks":[],"innerHTML":"","innerContent":[]},{"blockName":"acf\/separator","attrs":{"name":"acf\/separator","data":{"separator_values_min":"18","_separator_values_min":"field_659d1d0e47ee6","separator_values_max":"24","_separator_values_max":"field_659d1d4547ee7","separator_values":"","_separator_values":"field_659d261a7f4e0"},"mode":"edit"},"innerBlocks":[],"innerHTML":"","innerContent":[]},{"blockName":"acf\/heading","attrs":{"name":"acf\/heading","data":{"heading_text":"Organizatorzy o szkoleniach Aluron ALU-MEETING 2024","_heading_text":"field_638627ccced84","label":"","_label":"field_6603f866b01a2","heading_level":"h2","_heading_level":"field_638627e7ced85","heading_variant":"h4","_heading_variant":"field_63862847ced86","extra_classes":"","_extra_classes":"field_638628eeced88"},"mode":"edit"},"innerBlocks":[],"innerHTML":"","innerContent":[]},{"blockName":"acf\/separator","attrs":{"name":"acf\/separator","data":{"separator_values_min":"18","_separator_values_min":"field_659d1d0e47ee6","separator_values_max":"24","_separator_values_max":"field_659d1d4547ee7","separator_values":"","_separator_values":"field_659d261a7f4e0"},"mode":"edit"},"innerBlocks":[],"innerHTML":"","innerContent":[]},{"blockName":"acf\/quote","attrs":{"name":"acf\/quote","data":{"text":"ALU-MEETINGI s\u0105 form\u0105 naszej komunikacji z klientem i rynkiem. Dlatego meetingi, poniewa\u017c chcemy w ich trakcie prezentowa\u0107 swoje nowo\u015bci, ale jednocze\u015bnie chcemy s\u0142ucha\u0107 oczekiwa\u0144 rynku oraz szuka\u0107 inspiracji na dalszy rozw\u00f3j. Formu\u0142a coroczna pozwala nam relacjonowa\u0107, co my i nasi partnerzy wdro\u017cyli\u015bmy w tym czasie ciekawego oraz wys\u0142uchiwa\u0107 koncepcji, pomys\u0142\u00f3w, potrzeb rynkowych od naszych partner\u00f3w i klient\u00f3w, aby za rok m\u00f3c si\u0119 pochwali\u0107, jak\u0105 lekcj\u0119 odrobili\u015bmy i co z tych oczekiwa\u0144 mogli\u015bmy zreALU-MEETINGI s\u0105 form\u0105 naszej komunikacji z klientem i rynkiem. Dlatego meetingi, poniewa\u017c chcemy w ich trakcie prezentowa\u0107 swoje nowo\u015bci, ale jednocze\u015bnie chcemy s\u0142ucha\u0107 oczekiwa\u0144 rynku oraz szuka\u0107 inspiracji na dalszy rozw\u00f3j. Formu\u0142a coroczna pozwala nam relacjonowa\u0107, co my i nasi partnerzy wdro\u017cyli\u015bmy w tym czasie ciekawego oraz wys\u0142uchiwa\u0107 koncepcji, pomys\u0142\u00f3w, potrzeb rynkowych od naszych partner\u00f3w i klient\u00f3w, aby za rok m\u00f3c si\u0119 pochwali\u0107, jak\u0105 lekcj\u0119 odrobili\u015bmy i co z tych oczekiwa\u0144 mogli\u015bmy zrealizowa\u0107.","_text":"field_661e42c1020d9","author":"Kryspin Baran, CEO w Aluron","_author":"field_661e42cf020da"},"mode":"edit"},"innerBlocks":[],"innerHTML":"","innerContent":[]},{"blockName":"acf\/separator","attrs":{"name":"acf\/separator","data":{"separator_values_min":"12","_separator_values_min":"field_659d1d0e47ee6","separator_values_max":"24","_separator_values_max":"field_659d1d4547ee7","separator_values":"","_separator_values":"field_659d261a7f4e0"},"mode":"edit"},"innerBlocks":[],"innerHTML":"","innerContent":[]},{"blockName":"acf\/quote","attrs":{"name":"acf\/quote","data":{"text":"Tegoroczna edycja Aluron Alu-Meeting by\u0142a doskona\u0142\u0105 okazj\u0105 do podzielenia si\u0119 z Klientami Aluronu informacjami na temat nowo\u015bci i kierunk\u00f3w, w kt\u00f3rych rozwija si\u0119 nasz program. Podobnie jak w poprzedniej edycji, tak r\u00f3wnie\u017c i tym razem nasze prezentacje cieszy\u0142y si\u0119 du\u017cym zainteresowaniem, a rozmowy w kuluarach by\u0142y doskona\u0142\u0105 okazj\u0105 do spotkania i bezpo\u015bredniej rozmowy. Us\u0142yszeli\u015bmy wiele cennych uwag, ale te\u017c poznali\u015bmy naszych nowych u\u017cytkownik\u00f3w programu LogiKal.","_text":"field_661e42c1020d9","author":"Mariusz Megier, dyrektor zarz\u0105dzaj\u0105cy w Orgadata East Europe sp. z o.o.","_author":"field_661e42cf020da"},"mode":"edit"},"innerBlocks":[],"innerHTML":"","innerContent":[]},{"blockName":"acf\/separator","attrs":{"name":"acf\/separator","data":{"separator_values_min":"12","_separator_values_min":"field_659d1d0e47ee6","separator_values_max":"24","_separator_values_max":"field_659d1d4547ee7","separator_values":"","_separator_values":"field_659d261a7f4e0"},"mode":"edit"},"innerBlocks":[],"innerHTML":"","innerContent":[]},{"blockName":"acf\/quote","attrs":{"name":"acf\/quote","data":{"text":"Uczestnictwo w kolejnej ju\u017c edycji szkole\u0144 Alu -Meeting organizowanej przez firm\u0119 Aluron, pozwoli\u0142o nam na przedstawienie najnowszych urz\u0105dze\u0144 i rozwi\u0105za\u0144 technologicznych dost\u0119pnych w naszej ofercie. Jest to doskona\u0142a forma prezentacji naszej firmy, dost\u0119pnych produkt\u00f3w, us\u0142ug serwisowych oraz wsparcia, jakie oferujemy dla obecnych i potencjalnych klient\u00f3w. (\u2026) Dzi\u0119kujemy firmie Aluron za mo\u017cliwo\u015b\u0107 uczestnictwa w cyklu szkole\u0144. Ju\u017c nie mo\u017cemy si\u0119 doczeka\u0107 kolejnej edycji, kt\u00f3rej z pewno\u015bci\u0105 nie przegapimy. Wielkie brawa dla ca\u0142ego zespo\u0142u za podej\u015bcie i profesjonalizm.","_text":"field_661e42c1020d9","author":"Rafa\u0142 Czerwi\u0144ski, dyrektor handlowy w Fimtec Polska sp. z o.o.","_author":"field_661e42cf020da"},"mode":"edit"},"innerBlocks":[],"innerHTML":"","innerContent":[]},{"blockName":"acf\/separator","attrs":{"name":"acf\/separator","data":{"separator_values_min":"12","_separator_values_min":"field_659d1d0e47ee6","separator_values_max":"24","_separator_values_max":"field_659d1d4547ee7","separator_values":"","_separator_values":"field_659d261a7f4e0"},"mode":"edit"},"innerBlocks":[],"innerHTML":"","innerContent":[]},{"blockName":"acf\/quote","attrs":{"name":"acf\/quote","data":{"text":"MACO Polska zdecydowa\u0142o si\u0119 do\u0142\u0105czy\u0107 do ALU-MEETING\u00d3W przede wszystkim z uwagi na wiod\u0105c\u0105 pozycj\u0119 firmy Aluron w\u015br\u00f3d dostawc\u00f3w system\u00f3w aluminiowych oraz bardzo widoczne dzia\u0142ania marketingowe skierowane do producent\u00f3w. Poniewa\u017c od pewnego czasu rozwijamy wsp\u00f3\u0142prac\u0119 w zakresie system\u00f3w okiennych i podnoszono-przesuwnych, niezwykle istotna dla nas by\u0142a mo\u017cliwo\u015b\u0107 zaprezentowania ich klientom firmy Aluron. Nawi\u0105zali\u015bmy szereg ciekawych znajomo\u015bci, odbyli\u015bmy dziesi\u0105tki interesuj\u0105cych rozm\u00f3w - by\u0142o warto! Dobra organizacja, ciekawy przebieg spotka\u0144 oraz bardzo pozytywny feedback to dla nas ogromna zach\u0119ta do kontynuowania tej wsp\u00f3\u0142pracy.","_text":"field_661e42c1020d9","author":"Grzegorz Bu\u0142at, dyrektor regionalny ds. sprzeda\u017cy w MACO Polska sp. z o.o.","_author":"field_661e42cf020da"},"mode":"edit"},"innerBlocks":[],"innerHTML":"","innerContent":[]},{"blockName":"acf\/separator","attrs":{"name":"acf\/separator","data":{"separator_values_min":"12","_separator_values_min":"field_659d1d0e47ee6","separator_values_max":"24","_separator_values_max":"field_659d1d4547ee7","separator_values":"","_separator_values":"field_659d261a7f4e0"},"mode":"edit"},"innerBlocks":[],"innerHTML":"","innerContent":[]},{"blockName":"acf\/quote","attrs":{"name":"acf\/quote","data":{"text":"Dzi\u0119kujemy za mo\u017cliwo\u015b\u0107 wzi\u0119cia udzia\u0142u w spotkaniach szkoleniowych ALU-MEETING organizowanych przez firm\u0119 ALURON. Uzyskali\u015bmy mo\u017cliwo\u015b\u0107 szerszego zaprezentowania oferty produktowej ASSA ABLOY oraz os\u00f3b pracuj\u0105cych w regionie. Z kolei bezpo\u015brednie, lu\u017ane rozmowy z klientami spotyka\u0142y si\u0119 ze zwrotn\u0105 interakcj\u0105 tak w trakcie, jak i po spotkaniach. Udzia\u0142 w konferencjach da\u0142 nam mo\u017cliwo\u015b\u0107 nawi\u0105zania relacji z pracownikami organizatora, jak r\u00f3wnie\u017c zapoznania si\u0119 z klientami. Poznali\u015bmy produkty oraz rozwi\u0105zania systemowe firmy ALURON. Kierunek, w jakim pod\u0105\u017ca, wygl\u0105da bardzo obiecuj\u0105co w perspektywie dalszego rozwoju na rynku system\u00f3w aluminiowych.","_text":"field_661e42c1020d9","author":"Marzena Krzewi\u0144ska, Business Unit Manager OEM w Assa Abloy Opening Solution Poland S.A.","_author":"field_661e42cf020da"},"mode":"edit"},"innerBlocks":[],"innerHTML":"","innerContent":[]}],"meta_data":false,"featured_image":{"url":"https:\/\/www.aluron.pl\/wp-content\/uploads\/2024\/04\/IMG_20240311_201245-1024x461.jpg"},"main_category":{"name":"Wydarzenia"},"prev_page":{"slug":"wariant-ultra"},"next_page":{"slug":"aluron-powieksza-swoja-siedzibe-rozbudowe-realizuje-wpip-construction"},"_links":{"self":[{"href":"https:\/\/www.aluron.pl\/index.php\/wp-json\/wp\/v2\/posts\/2938","targetHints":{"allow":["GET"]}}],"collection":[{"href":"https:\/\/www.aluron.pl\/index.php\/wp-json\/wp\/v2\/posts"}],"about":[{"href":"https:\/\/www.aluron.pl\/index.php\/wp-json\/wp\/v2\/types\/post"}],"author":[{"embeddable":true,"href":"https:\/\/www.aluron.pl\/index.php\/wp-json\/wp\/v2\/users\/1"}],"replies":[{"embeddable":true,"href":"https:\/\/www.aluron.pl\/index.php\/wp-json\/wp\/v2\/comments?post=2938"}],"version-history":[{"count":7,"href":"https:\/\/www.aluron.pl\/index.php\/wp-json\/wp\/v2\/posts\/2938\/revisions"}],"predecessor-version":[{"id":8465,"href":"https:\/\/www.aluron.pl\/index.php\/wp-json\/wp\/v2\/posts\/2938\/revisions\/8465"}],"wp:featuredmedia":[{"embeddable":true,"href":"https:\/\/www.aluron.pl\/index.php\/wp-json\/wp\/v2\/media\/7313"}],"wp:attachment":[{"href":"https:\/\/www.aluron.pl\/index.php\/wp-json\/wp\/v2\/media?parent=2938"}],"wp:term":[{"taxonomy":"category","embeddable":true,"href":"https:\/\/www.aluron.pl\/index.php\/wp-json\/wp\/v2\/categories?post=2938"},{"taxonomy":"post_tag","embeddable":true,"href":"https:\/\/www.aluron.pl\/index.php\/wp-json\/wp\/v2\/tags?post=2938"}],"curies":[{"name":"wp","href":"https:\/\/api.w.org\/{rel}","templated":true}]}}